{"id":187818,"date":"2025-12-14T12:32:32","date_gmt":"2025-12-14T12:32:32","guid":{"rendered":"https:\/\/www.europesays.com\/pt\/187818\/"},"modified":"2025-12-14T12:32:32","modified_gmt":"2025-12-14T12:32:32","slug":"primeiro-modelo-de-agi-do-mundo-anunciado","status":"publish","type":"post","link":"https:\/\/www.europesays.com\/pt\/187818\/","title":{"rendered":"primeiro modelo de AGI do mundo anunciado?"},"content":{"rendered":"<p>A empresa Integral AI, fundada por Jad Tarifi (ex-Google), afirma que desenvolveu aquilo a que chama a primeira Intelig\u00eancia Artificial Geral (AGI). Este sistema representa um avan\u00e7o significativo face aos modelos de IA existentes.<\/p>\n<p><a target=\"_blank\" href=\"https:\/\/pplware.sapo.pt\/wp-content\/uploads\/2025\/12\/AGI_00.webp\" rel=\"nofollow noopener\"><img fetchpriority=\"high\" decoding=\"async\" src=\"https:\/\/www.europesays.com\/pt\/wp-content\/uploads\/2025\/12\/AGI_00-720x405.webp.webp\" alt=\"\" width=\"720\" height=\"405\" class=\"aligncenter size-medium wp-image-1093045\"  \/><\/a><\/p>\n<p>A Intelig\u00eancia Artificial (IA) tornou-se certamente a tecnologia mais popular da \u00faltima d\u00e9cada. Para muitos a Intelig\u00eancia Artificial \u00e9 apenas o ChatGPT, mas h\u00e1 muito mais vida al\u00e9m do chatbot da OpenAI.<\/p>\n<p>AGI &#8211; Intelig\u00eancia Artificial Geral (Artificial General Intelligence)<\/p>\n<p>Por agora, <a target=\"_blank\" href=\"https:\/\/pplware.sapo.pt\/inteligencia-artificial\/inteligencia-artificial-ani-agi-e-asi-conheca-as-diferencas\/\" rel=\"nofollow noopener\">AGI<\/a>, do ingl\u00eas Artificial General Intelligence, refere-se a um tipo hipot\u00e9tico de intelig\u00eancia de m\u00e1quina que possui a capacidade de entender, aprender e aplicar o conhecimento para resolver qualquer tarefa intelectual que um ser humano possa realizar. Mas, a empresa Integral AI refere que j\u00e1 tem uma solu\u00e7\u00e3o.<\/p>\n<p><a target=\"_blank\" href=\"https:\/\/pplware.sapo.pt\/wp-content\/uploads\/2025\/12\/agi_2.webp\" rel=\"nofollow noopener\"><img loading=\"lazy\" decoding=\"async\" src=\"https:\/\/www.europesays.com\/pt\/wp-content\/uploads\/2025\/12\/agi_2-720x405.webp.webp\" alt=\"\" width=\"720\" height=\"405\" class=\"aligncenter size-medium wp-image-1093046\"  \/><\/a><\/p>\n<p><strong>O que a empresa refere que alcan\u00e7ou?<\/strong><\/p>\n<ul>\n<li><strong>Aprendizagem totalmente aut\u00f3noma<\/strong>\n<ul>\n<li>o modelo seria capaz de aprender novas tarefas sem dados pr\u00e9-rotulados e sem interven\u00e7\u00e3o humana.<\/li>\n<\/ul>\n<\/li>\n<li><strong>Seguran\u00e7a integrada<\/strong>\n<ul>\n<li>o processo de aprendizagem teria sido concebido para evitar comportamentos perigosos ou inesperados.<\/li>\n<\/ul>\n<\/li>\n<li><strong>Efici\u00eancia energ\u00e9tica<\/strong>\n<ul>\n<li>a Integral AI afirma que o consumo de energia \u00e9 semelhante ao de um ser humano a aprender a mesma tarefa.<\/li>\n<\/ul>\n<\/li>\n<li><strong>Resultados pr\u00e1ticos<\/strong>\n<ul>\n<li>em testes internos, rob\u00f4s equipados com o sistema teriam aprendido compet\u00eancias de forma aut\u00f3noma.<\/li>\n<\/ul>\n<\/li>\n<\/ul>\n<p>A empresa descreve a arquitetura como inspirada no neoc\u00f3rtex humano, sugerindo um avan\u00e7o importante no caminho para uma intelig\u00eancia artificial com capacidades semelhantes \u00e0s humanas.<\/p>\n","protected":false},"excerpt":{"rendered":"A empresa Integral AI, fundada por Jad Tarifi (ex-Google), afirma que desenvolveu aquilo a que chama a primeira&hellip;\n","protected":false},"author":2,"featured_media":187819,"comment_status":"","ping_status":"","sticky":false,"template":"","format":"standard","meta":{"footnotes":""},"categories":[84],"tags":[10283,109,107,108,414,32,33,105,103,104,106,110],"class_list":{"0":"post-187818","1":"post","2":"type-post","3":"status-publish","4":"format-standard","5":"has-post-thumbnail","7":"category-ciencia-e-tecnologia","8":"tag-agi","9":"tag-ciencia","10":"tag-ciencia-e-tecnologia","11":"tag-cienciaetecnologia","12":"tag-ia","13":"tag-portugal","14":"tag-pt","15":"tag-science","16":"tag-science-and-technology","17":"tag-scienceandtechnology","18":"tag-technology","19":"tag-tecnologia"},"share_on_mastodon":{"url":"https:\/\/pubeurope.com\/@pt\/115717941042194892","error":""},"_links":{"self":[{"href":"https:\/\/www.europesays.com\/pt\/wp-json\/wp\/v2\/posts\/187818","targetHints":{"allow":["GET"]}}],"collection":[{"href":"https:\/\/www.europesays.com\/pt\/wp-json\/wp\/v2\/posts"}],"about":[{"href":"https:\/\/www.europesays.com\/pt\/wp-json\/wp\/v2\/types\/post"}],"author":[{"embeddable":true,"href":"https:\/\/www.europesays.com\/pt\/wp-json\/wp\/v2\/users\/2"}],"replies":[{"embeddable":true,"href":"https:\/\/www.europesays.com\/pt\/wp-json\/wp\/v2\/comments?post=187818"}],"version-history":[{"count":0,"href":"https:\/\/www.europesays.com\/pt\/wp-json\/wp\/v2\/posts\/187818\/revisions"}],"wp:featuredmedia":[{"embeddable":true,"href":"https:\/\/www.europesays.com\/pt\/wp-json\/wp\/v2\/media\/187819"}],"wp:attachment":[{"href":"https:\/\/www.europesays.com\/pt\/wp-json\/wp\/v2\/media?parent=187818"}],"wp:term":[{"taxonomy":"category","embeddable":true,"href":"https:\/\/www.europesays.com\/pt\/wp-json\/wp\/v2\/categories?post=187818"},{"taxonomy":"post_tag","embeddable":true,"href":"https:\/\/www.europesays.com\/pt\/wp-json\/wp\/v2\/tags?post=187818"}],"curies":[{"name":"wp","href":"https:\/\/api.w.org\/{rel}","templated":true}]}}