{"id":187839,"date":"2025-12-14T13:07:14","date_gmt":"2025-12-14T13:07:14","guid":{"rendered":"https:\/\/www.europesays.com\/pt\/187839\/"},"modified":"2025-12-14T13:07:14","modified_gmt":"2025-12-14T13:07:14","slug":"o-hotel-mais-alto-do-mundo-acabou-de-inaugurar-mas-nao-era-suposto-ser-tao-alto","status":"publish","type":"post","link":"https:\/\/www.europesays.com\/pt\/187839\/","title":{"rendered":"O hotel mais alto do mundo acabou de inaugurar, mas n\u00e3o era suposto ser t\u00e3o alto"},"content":{"rendered":"<p>O Dubai tem um novo recordista no seu horizonte \u2013 quase por acidente. O hotel mais alto do mundo, a Torre Ciel, foi oficialmente inaugurado, com 377 metros de vidro e ambi\u00e7\u00e3o acima da Marina de Dubai. A sua altura nunca foi planeada \u2013 cresceu inesperadamente \u00e0 medida que as plantas foram sendo rasgadas e redesenhadas.<\/p>\n<p>\u201cSab\u00edamos que quer\u00edamos construir algo espetacular\u201d, diz Rob Burns, CEO da empresa promotora do projeto, The First Group. \u201cMas certamente n\u00e3o plane\u00e1mos construir o hotel mais alto do mundo.\u201d<\/p>\n<p>Apesar das suas propor\u00e7\u00f5es recordistas, os criadores do Ciel foram for\u00e7ados a pensar pequeno. Toda a estrutura ergue-se a partir de uma \u00e1rea de cerca de 3.600 metros quadrados \u2013 um pouco menor do que um campo de futebol profissional. N\u00e3o \u00e9 exatamente min\u00fasculo, mas \u00e9 uma pequena fatia em termos de Dubai.<\/p>\n<p>Isso significa que o arquiteto da torre, Yahya Jan, precisava de mostrar restri\u00e7\u00e3o e recorrer a alguns truques inteligentes.<\/p>\n<p>Se passar algum tempo a caminhar pelo edif\u00edcio \u2013 como a CNN fez, com Jan e Burns \u2013 come\u00e7ar\u00e1 a notar a tens\u00e3o que permeia todo o projeto. \u00c9 uma torre constru\u00edda para ser espetacular, mas que precisa de estar sempre atenta ao tamanho da sua \u00e1rea ocupada. Quase tudo no interior acaba por ser moldado pelo pequeno terreno que deu origem a este recorde acidental.<\/p>\n<p>A entrada, por exemplo, \u00e9 luxuosa, mas n\u00e3o exatamente o que se esperaria de um recorde do Dubai. Entra-se a antecipar algo grandioso \u2013 grande o suficiente para receber uma conven\u00e7\u00e3o ou decorado com est\u00e1tuas e fontes. Em vez disso, encontra-se uma ilumina\u00e7\u00e3o suave, linhas curvas e a sensa\u00e7\u00e3o de um espa\u00e7o projetado por algu\u00e9m que aprecia o qu\u00e3o pequeno ele \u00e9.<\/p>\n<p>&#8220;Pelo buraco da agulha&#8221; <\/p>\n<p> <img decoding=\"async\" alt=\"\" src=\"https:\/\/www.europesays.com\/pt\/wp-content\/uploads\/2025\/12\/1765717634_39_f_webp.webp\" width=\"600\"\/> <\/p>\n<p>   O edif\u00edcio apresenta um enorme vazio conhecido como &#8220;buraco da agulha&#8221;, que ajuda a gerir os ventos altos. foto Ciel Dubai <\/p>\n<p>\u201cFoi um projeto muito desafiante para n\u00f3s\u201d, diz Jan. \u201c\u00c9 uma propriedade com uma forma irregular. Para uma torre deste tamanho, a propriedade poderia ter sido maior. Mas eu digo sempre que fazemos o nosso melhor trabalho quando somos mais desafiados.\u201d<\/p>\n<p>O lobby, por outras palavras, \u00e9 compacto porque tem de ser. A grandiosidade \u00e9 adiada para cima, revelada andar por andar, at\u00e9 ao momento em que o edif\u00edcio finalmente tem altitude suficiente para se tornar dram\u00e1tico.<\/p>\n<p>Os quartos seguem este tema. S\u00e3o de linhas simples, com tons neutros e texturas suaves \u2013 modestos em compara\u00e7\u00e3o com as su\u00edtes de resort tipicamente amplas do Dubai, mas as vistas do ch\u00e3o ao teto da Marina, Palm Jumeirah e do Golfo fazem a diferen\u00e7a. Com 1.004 quartos em 82 andares, no entanto, o hotel entra num mercado j\u00e1 repleto de camas.<\/p>\n<p>Burns est\u00e1 ciente dos n\u00fameros. \u201cAcho que mil quartos s\u00e3o definitivamente um desafio. E sab\u00edamos disso quando come\u00e7\u00e1mos\u201d, diz ele. Ainda assim, insiste que est\u00e3o \u201cmuito, muito otimistas em rela\u00e7\u00e3o ao mercado hoteleiro\u201d, com muitos aspetos diferentes para destacar o hotel, como \u201cvistas de 360 graus, quartos maravilhosos, comodidades e instala\u00e7\u00f5es\u201d.<\/p>\n<p>Mais acima, a assinatura de Ciel aparece na forma de um vazio \u2013 algo que Jan chama de \u00abburaco da agulha\u00bb \u2013 que est\u00e1 l\u00e1 tanto por uma quest\u00e3o funcional quanto de design.<\/p>\n<p>Torres superaltas como a Ciel precisam de lidar com os elementos. Quanto mais alto o edif\u00edcio, mais forte \u00e9 o vento. Mesmo num dia calmo, \u00e9 poss\u00edvel sentir o vento a soprar atrav\u00e9s da abertura. \u201cSe queremos altura, tudo bem, mas como podemos moldar o edif\u00edcio para minimizar a carga do vento? Ent\u00e3o, com o recorte, deixamos o vento passar pela torre.\u201d<\/p>\n<p>Uma d\u00fazia de \u00e1trios pontuam a altura, espa\u00e7ados de seis a oito andares, cheios de \u00e1rvores e plantas. S\u00e3o est\u00e9ticos e pr\u00e1ticos, oferecendo luz natural, refrigera\u00e7\u00e3o e um local para os h\u00f3spedes se reunirem.<\/p>\n<p>Parques verticais <\/p>\n<p>O que Jan chama de \u201cespa\u00e7os comunit\u00e1rios sociais onde as pessoas podem reunir-se\u201d ser\u00e1 usado para sess\u00f5es de ioga e exerc\u00edcios f\u00edsicos, ou como \u00e1reas extra para restaurantes. \u201cEstamos a criar pequenos parques verticalmente\u201d, diz ele, dividindo a torre em \u201cbairros menores\u201d. Estes tamb\u00e9m ajudam no resfriamento e no uso de energia, recorrendo a venezianas de vidro controladas por computador para \u201ctrazer a brisa do mar para dentro\u201d do edif\u00edcio.<\/p>\n<p>\u201cAs torres do futuro ser\u00e3o diferentes das torres de h\u00e1 50 anos\u201d, destaca Jan. \u201cElas ser\u00e3o perme\u00e1veis, vamos trazer a natureza para dentro destas torres.\u201d<\/p>\n<p>No Ciel, o aspecto mais t\u00edpico de Dubai talvez seja que os seus criadores n\u00e3o se propuseram a construir um edif\u00edcio recordista, simplesmente aconteceu. Eles foram adicionando comodidades e o pr\u00e9dio continuou a crescer, porque n\u00e3o havia mais onde coloc\u00e1-las.<\/p>\n<p>Foi Jan quem os informou de que estavam a aproximar-se do recorde, \u00e0 medida que o projeto se aproximava do detentor do t\u00edtulo anterior, o Hotel Gevora, tamb\u00e9m no Dubai, que tem pouco mais de 356 metros de altura.<\/p>\n<p>\u201cA Yahya veio ter connosco e notificou-nos, \u2018ei, est\u00e3o perto de construir o hotel mais alto do mundo\u2019\u201d, conta Burns. \u201cE n\u00f3s dissemos \u2018wow, ok, vamos fazer isso acontecer\u2019.\u201d<\/p>\n<p>Desaparecendo no c\u00e9u <\/p>\n<p> <img decoding=\"async\" alt=\"\" src=\"https:\/\/www.europesays.com\/pt\/wp-content\/uploads\/2025\/12\/1765717634_555_f_webp.webp\" width=\"600\"\/> <\/p>\n<p>   A piscina infinita no piso 76.\u00ba desaparece no c\u00e9u. foto Ciel Dubai <\/p>\n<p>Os espa\u00e7os de refei\u00e7\u00f5es e piscina do Ciel seguem a mesma l\u00f3gica do resto da torre, aproveitando ao m\u00e1ximo o que est\u00e1 dispon\u00edvel. O hotel distribui oito restaurantes pelos andares superiores, com a marca brit\u00e2nica Tattu a ocupar as posi\u00e7\u00f5es mais espetaculares \u2014 o House of Dragon no 74.\u00ba andar, o House of Koi circundando a Skypool no 7.6\u00ba andar e o House of Phoenix situado no Skylounge no 81.\u00ba andar, onde as vistas de 360 \u200b\u200bgraus fazem grande parte do trabalho decorativo.<\/p>\n<p>Existem tr\u00eas piscinas, mas a que realmente importa \u00e9 a piscina infinita no 76.\u00ba andar, localizada dentro do v\u00e3o da torre que canaliza o vento. Ela n\u00e3o \u00e9 grande, mas n\u00e3o precisa de o ser, j\u00e1 que o truque visual \u00e9 que a \u00e1gua parece desaparecer diretamente no c\u00e9u.<\/p>\n<p>O Ciel n\u00e3o \u00e9 o hotel mais extravagante do Dubai. N\u00e3o tem lobbies \u00e9picos ou a extens\u00e3o \u00e0 beira-mar dos resorts da Palm. Mas mostra o que pode acontecer quando uma cidade, mais acostumada a viver em grande estilo, decide mostrar alguma modera\u00e7\u00e3o. Os espa\u00e7os p\u00fablicos s\u00e3o elegantes sem serem excessivos. Os quartos s\u00e3o confort\u00e1veis. E as vistas \u2013 especialmente dos andares superiores e da piscina panor\u00e2mica \u2013 trazem l\u00f3gica \u00e0 decis\u00e3o de construir um hotel de 377 metros num peda\u00e7o de terra relativamente pequeno.<\/p>\n<p>O Ciel adiciona mais uma forma a um horizonte que raramente permanece o mesmo por muito tempo. N\u00e3o est\u00e1 claro se ir\u00e1 manter o t\u00edtulo de recorde mundial por muito tempo. O Dubai parece encarar at\u00e9 mesmo os seus pr\u00f3prios superlativos como desafios.<\/p>\n","protected":false},"excerpt":{"rendered":"O Dubai tem um novo recordista no seu horizonte \u2013 quase por acidente. O hotel mais alto do&hellip;\n","protected":false},"author":2,"featured_media":187840,"comment_status":"","ping_status":"","sticky":false,"template":"","format":"standard","meta":{"footnotes":""},"categories":[144],"tags":[609,836,611,304,207,205,206,203,201,202,27,38056,607,608,333,832,604,204,135,610,5225,476,114,115,301,830,4063,603,570,831,833,62,834,13,835,602,52,32,33,29417,29],"class_list":{"0":"post-187839","1":"post","2":"type-post","3":"status-publish","4":"format-standard","5":"has-post-thumbnail","7":"category-arte-e-design","8":"tag-alerta","9":"tag-analise","10":"tag-ao-minuto","11":"tag-arquitetura","12":"tag-arte","13":"tag-arte-e-design","14":"tag-artedesign","15":"tag-arts","16":"tag-arts-and-design","17":"tag-artsanddesign","18":"tag-breaking-news","19":"tag-ciel","20":"tag-cnn","21":"tag-cnn-portugal","22":"tag-comentadores","23":"tag-costa","24":"tag-crime","25":"tag-design","26":"tag-desporto","27":"tag-direto","28":"tag-dubai","29":"tag-economia","30":"tag-entertainment","31":"tag-entretenimento","32":"tag-governo","33":"tag-guerra","34":"tag-hotel","35":"tag-justica","36":"tag-live","37":"tag-mais-vistas","38":"tag-marcelo","39":"tag-mundo","40":"tag-negocios","41":"tag-noticias","42":"tag-opiniao","43":"tag-pais","44":"tag-politica","45":"tag-portugal","46":"tag-pt","47":"tag-torre","48":"tag-ultimas"},"share_on_mastodon":{"url":"https:\/\/pubeurope.com\/@pt\/115718078302564978","error":""},"_links":{"self":[{"href":"https:\/\/www.europesays.com\/pt\/wp-json\/wp\/v2\/posts\/187839","targetHints":{"allow":["GET"]}}],"collection":[{"href":"https:\/\/www.europesays.com\/pt\/wp-json\/wp\/v2\/posts"}],"about":[{"href":"https:\/\/www.europesays.com\/pt\/wp-json\/wp\/v2\/types\/post"}],"author":[{"embeddable":true,"href":"https:\/\/www.europesays.com\/pt\/wp-json\/wp\/v2\/users\/2"}],"replies":[{"embeddable":true,"href":"https:\/\/www.europesays.com\/pt\/wp-json\/wp\/v2\/comments?post=187839"}],"version-history":[{"count":0,"href":"https:\/\/www.europesays.com\/pt\/wp-json\/wp\/v2\/posts\/187839\/revisions"}],"wp:featuredmedia":[{"embeddable":true,"href":"https:\/\/www.europesays.com\/pt\/wp-json\/wp\/v2\/media\/187840"}],"wp:attachment":[{"href":"https:\/\/www.europesays.com\/pt\/wp-json\/wp\/v2\/media?parent=187839"}],"wp:term":[{"taxonomy":"category","embeddable":true,"href":"https:\/\/www.europesays.com\/pt\/wp-json\/wp\/v2\/categories?post=187839"},{"taxonomy":"post_tag","embeddable":true,"href":"https:\/\/www.europesays.com\/pt\/wp-json\/wp\/v2\/tags?post=187839"}],"curies":[{"name":"wp","href":"https:\/\/api.w.org\/{rel}","templated":true}]}}