{"id":187847,"date":"2025-12-14T13:17:06","date_gmt":"2025-12-14T13:17:06","guid":{"rendered":"https:\/\/www.europesays.com\/pt\/187847\/"},"modified":"2025-12-14T13:17:06","modified_gmt":"2025-12-14T13:17:06","slug":"policia-australiana-fala-em-ataque-terrorista-dirigido-a-comunidade-judaica-12-mortos-e-29-feridos-confirmados-expresso","status":"publish","type":"post","link":"https:\/\/www.europesays.com\/pt\/187847\/","title":{"rendered":"Pol\u00edcia australiana fala em &quot;ataque terrorista&quot; dirigido \u00e0 comunidade judaica. 12 mortos e 29 feridos confirmados &#8211; Expresso"},"content":{"rendered":"<ol>\n<li><a href=\"https:\/\/news.google.com\/rss\/articles\/CBMi-gFBVV95cUxQOUFpWW0ycFpJY3FydWZ6ZHNmM1g0RnNWRXFLX2U5T0p5NmFQVjNWbzBLS184eFlBdFptN2xSWmszWjBuVkw4UFRPYWltemFGRFFjS1FhQnJzcVRENFhWYVZTWjBHX0J0c2xQU29RWWlXVVZYVWVBQ1BDZzlZUklFQUcxS3pMRnphek5jbTk2UkZ6bjZTbFRhd0ZkNEZCLTdmUHBha3ZxWl96cXFEQVFQbkF6QWhYZGRLWHZDbnFTLWo5czlUdVlMX29pT3VGc2Z3UEgtblhiMm5EMERDaEhKa09VellXMFVuOEhDWGVzYkh3UkxFbU1YanZn0gH_AUFVX3lxTE5jelE0VVFZTjFRZFBsVThWcDJrenkwZm52akI5VFFyRE45aTdzU193UnRpUnZuQzE3UVFDd2UxdVRReGFqN2lSbzBIZTg1TWhTempVX3R6Y3ZBbThsdHM5dzhJbWhub2UxRVNmT2xKb0hFWUNXYmZxWmhoSW8tc2doc3hQZkJSVUV1ZGp4UnE4NlhUbjJISUMxYlVHaDMyVVlkMVJKeUJsQXNuTFFJTkprUG1FXzRVakpENjlJNGdMNGdDR2lGREMxalRfNnBYM2t5M0lDamI0X2lYUnJlVXhIeGVWeTJEVkRtY0J6Q2ZQdjRhMUlmSzY1ZUc1andRSQ?oc=5\" target=\"_blank\" rel=\"nofollow noopener\">Pol\u00edcia australiana fala em &#8220;ataque terrorista&#8221; dirigido \u00e0 comunidade judaica. 12 mortos e 29 feridos confirmados<\/a>&nbsp;&nbsp;Expresso<\/li>\n<li><a href=\"https:\/\/news.google.com\/rss\/articles\/CBMiwgFBVV95cUxOeU1mU2xTQnc3ZkNVOVc5ZDVVY2ZiaTlxamVDRUR3R3lOeEEzMVhvbFB4anJmdG8xamx5VzRtQ3pxRDRkWm5tQXBMVVp6bkk4b2JWY28zdWRpcXo3OS1VcTJMRkpLWHlsSHlxS2hTYlQ3VjVZT0FKX1ZuLTNlMVRaRFNyNXR4cEc3bHg5U0NEN05sRjUwd3VGOV9oczdhNnRsczZQY1lheW5mVkhpNlN0YWUwYjFXX3haRVZ2LTFHSHl0QQ?oc=5\" target=\"_blank\" rel=\"nofollow noopener\">Ataque a tiros em praia de Sydney mata dez pessoas durante feriado judaico; veja v\u00eddeo<\/a>&nbsp;&nbsp;Folha de S.Paulo<\/li>\n<li><a href=\"https:\/\/news.google.com\/rss\/articles\/CBMizwFBVV95cUxPRUpHYTd4WXh3eEx0VWtHRzNtdTNBY3c1RDYyMkdiZ0J0MHJkbHJGcmg0Wi1OcmZhdXhQcjVmRmxKWF9mTy1CUDlZN0FzeXhJbjJVcVZKbnF5b213VklJQ2Q2ZlBNdjNVa2t5OXE5VGNpNGh2TFFtSlVsZFo0QkJ3dDhBSTR2NlJINmFQTkFBWVh4LUU2M0IzaFF1YnFESklWbzdCaWhZWEpuS0JtdENaVjJONURleTBWYUlPdjlxRDlDT1hnZ3I4MUg1TzR4bjDSAd4BQVVfeXFMUG5DSlFQdG1XdUoxQ0pTRlBPRDdKcWVIUmFoRzJQSVEteVBBT0ZqdndfRHBwZi1kaF9UbFZkSWRXVkxVZEdoN0JkSGI0NTlINkNkWmdfbmNHd19xaVZUZk9NdUlEeDMwQ285NFZaYmxQc2FLMGVSeHYwZ1kzUmtuSzlFN2htcVVXS25pQ2ZqOVpMUlc2c2xrWkdQdjJVRHJQeXhFUmhid0ZTT0VxbFFDM3czZ1JJMGFpMGJpa05CLWU2bFNrWWk0WVdSYUlhRUVNYUV5SVJlX1BoS0x0Zld3?oc=5\" target=\"_blank\" rel=\"nofollow noopener\">&#8216;Incidente terrorista devastador&#8217;, diz primeiro-ministro da Austr\u00e1lia sobre tiroteio<\/a>&nbsp;&nbsp;CBN<\/li>\n<li><a href=\"https:\/\/news.google.com\/rss\/articles\/CBMiYkFVX3lxTE5QX0tpWlBQQkxjMVlQNTI4WUVhcS1RLUZJOFlPQ0dtTmFwSnF4SzRNMlFCTTJ2UmpRWnlDUU1EZFd1MUNTRk5QRk9ob0tWcnEtSzNVREw5YlEwdVI2XzR4aTdR?oc=5\" target=\"_blank\" rel=\"nofollow noopener\">Ataque contra evento da comunidade judaica deixa 12 mortos na Austr\u00e1lia<\/a>&nbsp;&nbsp;BBC<\/li>\n<li><a href=\"https:\/\/news.google.com\/rss\/articles\/CBMipwFBVV95cUxQcEIzOW1fVnlzYmtlMkpBZU5TVWdOQkdIN29BbV8yRm9OUTNuS0N4MXpHRmRuMjFLaTJCMUdYTFpwSHBscGpPWXJvclJGWHRqNk5kdUhIalFiM1lHSmJmZEtvYXVnTFpWSWRIanN2OVFtWUNDd3lhd3NRWFpmS1dNbkItVFZkZXRVZnRMM0lFcXFzMHNocFRkVDBuMXdmeEh4R2Z3eTJWbw?oc=5\" target=\"_blank\" rel=\"nofollow noopener\">Atiradores matam ao menos 11 pessoas em celebra\u00e7\u00e3o judaica na Austr\u00e1lia<\/a>&nbsp;&nbsp;VEJA<\/li>\n<\/ol>\n","protected":false},"excerpt":{"rendered":"Pol\u00edcia australiana fala em &#8220;ataque terrorista&#8221; dirigido \u00e0 comunidade judaica. 12 mortos e 29 feridos confirmados&nbsp;&nbsp;Expresso Ataque a&hellip;\n","protected":false},"author":2,"featured_media":187848,"comment_status":"","ping_status":"","sticky":false,"template":"","format":"standard","meta":{"footnotes":""},"categories":[50],"tags":[27,28,15,16,14,25,26,21,22,62,12,13,19,20,23,24,17,18,29,30,31,63,64,65],"class_list":{"0":"post-187847","1":"post","2":"type-post","3":"status-publish","4":"format-standard","5":"has-post-thumbnail","7":"category-mundo","8":"tag-breaking-news","9":"tag-breakingnews","10":"tag-featured-news","11":"tag-featurednews","12":"tag-headlines","13":"tag-latest-news","14":"tag-latestnews","15":"tag-main-news","16":"tag-mainnews","17":"tag-mundo","18":"tag-news","19":"tag-noticias","20":"tag-noticias-principais","21":"tag-noticiasprincipais","22":"tag-principais-noticias","23":"tag-principaisnoticias","24":"tag-top-stories","25":"tag-topstories","26":"tag-ultimas","27":"tag-ultimas-noticias","28":"tag-ultimasnoticias","29":"tag-world","30":"tag-world-news","31":"tag-worldnews"},"share_on_mastodon":{"url":"https:\/\/pubeurope.com\/@pt\/115718117294517589","error":""},"_links":{"self":[{"href":"https:\/\/www.europesays.com\/pt\/wp-json\/wp\/v2\/posts\/187847","targetHints":{"allow":["GET"]}}],"collection":[{"href":"https:\/\/www.europesays.com\/pt\/wp-json\/wp\/v2\/posts"}],"about":[{"href":"https:\/\/www.europesays.com\/pt\/wp-json\/wp\/v2\/types\/post"}],"author":[{"embeddable":true,"href":"https:\/\/www.europesays.com\/pt\/wp-json\/wp\/v2\/users\/2"}],"replies":[{"embeddable":true,"href":"https:\/\/www.europesays.com\/pt\/wp-json\/wp\/v2\/comments?post=187847"}],"version-history":[{"count":0,"href":"https:\/\/www.europesays.com\/pt\/wp-json\/wp\/v2\/posts\/187847\/revisions"}],"wp:featuredmedia":[{"embeddable":true,"href":"https:\/\/www.europesays.com\/pt\/wp-json\/wp\/v2\/media\/187848"}],"wp:attachment":[{"href":"https:\/\/www.europesays.com\/pt\/wp-json\/wp\/v2\/media?parent=187847"}],"wp:term":[{"taxonomy":"category","embeddable":true,"href":"https:\/\/www.europesays.com\/pt\/wp-json\/wp\/v2\/categories?post=187847"},{"taxonomy":"post_tag","embeddable":true,"href":"https:\/\/www.europesays.com\/pt\/wp-json\/wp\/v2\/tags?post=187847"}],"curies":[{"name":"wp","href":"https:\/\/api.w.org\/{rel}","templated":true}]}}