{"id":187859,"date":"2025-12-14T13:31:23","date_gmt":"2025-12-14T13:31:23","guid":{"rendered":"https:\/\/www.europesays.com\/pt\/187859\/"},"modified":"2025-12-14T13:31:23","modified_gmt":"2025-12-14T13:31:23","slug":"chefe-do-governo-paquistanes-irritado-apos-espera-de-40-minutos-por-putin","status":"publish","type":"post","link":"https:\/\/www.europesays.com\/pt\/187859\/","title":{"rendered":"Chefe do governo paquistan\u00eas irritado ap\u00f3s espera de 40 minutos por Putin"},"content":{"rendered":"<p>O primeiro-ministro paquistan\u00eas, Shehbaz Sharif, decidiu interromper uma reuni\u00e3o dos presidentes da R\u00fassia e da Turquia, depois de ter estado cerca de 40 minutos \u00e0 espera de Vladimir Putin. O ins\u00f3lito foi partilhado nas redes sociais.\u00a0<\/p>\n<p>Conta o India Today que, depois de esperar durante 40 minutos, o primeiro-ministro paquistan\u00eas invadiu, irritado, uma reuni\u00e3o entre o presidente russo, Vladimir Putin, e o presidente turco, Recep Tayyip Erdogan, que decorria \u00e0 porta fechada no Turquemenist\u00e3o.\u00a0<\/p>\n<p>Nos v\u00eddeos partilhados online, \u00e9 poss\u00edvel ver Shehbaz Sharif impaciente, a sair de um sal\u00e3o e a dirigir-se para a sala onde decorria a reuni\u00e3o entre Putin e Erdogan.<\/p>\n<p>Ainda que os seguran\u00e7as tenham tentado impedir, o chefe do Executivo paquistan\u00eas for\u00e7ou a entrada naquela divis\u00e3o. No entanto, acabou por ser impedido pelos guardas j\u00e1 depois de ter cruzado a porta.<\/p>\n<blockquote class=\"twitter-tweet\" data-media-max-width=\"560\"><p>&#13;<\/p>\n<p dir=\"ltr\" lang=\"en\">WATCH: Diplomatic incident: The Prime Minister of Pakistan got tired of wasting time, so after waiting 40 minutes for President Putin, he burst in during Putin&#8217;s meeting with President Erdogan. <a href=\"https:\/\/t.co\/8fwhpHE1gE\" rel=\"nofollow\">pic.twitter.com\/8fwhpHE1gE<\/a><\/p>\n<p>&#13;<br \/>\n                                                    \u2014 Raylan Givens (@JewishWarrior13) <a href=\"https:\/\/twitter.com\/JewishWarrior13\/status\/1999489270952919226?ref_src=twsrc%5Etfw\" rel=\"nofollow noopener\" target=\"_blank\">December 12, 2025<\/a><\/p><\/blockquote>\n<p>V\u00e1rios internautas n\u00e3o &#8216;perdoaram&#8217; esta a\u00e7\u00e3o do primeiro-ministro paquistan\u00eas e gozaram com o facto de ter perdido a paci\u00eancia, em vez de esperar pelo seu momento com Vladimir Putin.\u00a0<\/p>\n<p>Note-se que Shehbaz Sharif encontrava-se no Turquemenist\u00e3o para um f\u00f3rum internacional em Ashgabat, que assinalava o 30.\u00ba anivers\u00e1rio da independ\u00eancia do pa\u00eds da \u00c1sia Central.<\/p>\n<blockquote class=\"twitter-tweet\" data-media-max-width=\"560\"><p>&#13;<\/p>\n<p dir=\"ltr\" lang=\"en\">Putin humiliated the leader of a nuclear power<\/p>\n<p>Pakistan&#8217;s Prime Minister Sharif found himself in an awkward situation, waiting for over 40 minutes to meet with Putin.<\/p>\n<p>When he grew tired of waiting, he unexpectedly entered the room where Putin was already holding talks with\u2026 <a href=\"https:\/\/t.co\/ZJh6Xs6nGR\" rel=\"nofollow\">pic.twitter.com\/ZJh6Xs6nGR<\/a><\/p>\n<p>&#13;<br \/>\n                                                    \u2014 NEXTA (@nexta_tv) <a href=\"https:\/\/twitter.com\/nexta_tv\/status\/1999504516777934985?ref_src=twsrc%5Etfw\" rel=\"nofollow noopener\" target=\"_blank\">December 12, 2025<\/a><\/p><\/blockquote>\n<p>Leia Tamb\u00e9m: <a href=\"https:\/\/www.noticiasaominuto.com\/mundo\/2903315\/pm-paquistanes-pede-pressao-sobre-cabul-para-impedir-terrorismo\" target=\"_blank\" rel=\"noopener noreferrer nofollow\">PM paquistan\u00eas pede press\u00e3o sobre Cabul para impedir terrorismo<\/a><\/p>\n<p>                                            <script async src=\"https:\/\/platform.twitter.com\/widgets.js\" charset=\"utf-8\"><\/script><\/p>\n","protected":false},"excerpt":{"rendered":"O primeiro-ministro paquistan\u00eas, Shehbaz Sharif, decidiu interromper uma reuni\u00e3o dos presidentes da R\u00fassia e da Turquia, depois de&hellip;\n","protected":false},"author":2,"featured_media":187860,"comment_status":"","ping_status":"","sticky":false,"template":"","format":"standard","meta":{"footnotes":""},"categories":[50],"tags":[27,28,15,16,14,25,26,21,22,62,12,13,19,20,23,24,17,18,29,30,31,63,64,65],"class_list":{"0":"post-187859","1":"post","2":"type-post","3":"status-publish","4":"format-standard","5":"has-post-thumbnail","7":"category-mundo","8":"tag-breaking-news","9":"tag-breakingnews","10":"tag-featured-news","11":"tag-featurednews","12":"tag-headlines","13":"tag-latest-news","14":"tag-latestnews","15":"tag-main-news","16":"tag-mainnews","17":"tag-mundo","18":"tag-news","19":"tag-noticias","20":"tag-noticias-principais","21":"tag-noticiasprincipais","22":"tag-principais-noticias","23":"tag-principaisnoticias","24":"tag-top-stories","25":"tag-topstories","26":"tag-ultimas","27":"tag-ultimas-noticias","28":"tag-ultimasnoticias","29":"tag-world","30":"tag-world-news","31":"tag-worldnews"},"share_on_mastodon":{"url":"https:\/\/pubeurope.com\/@pt\/115718172469148743","error":""},"_links":{"self":[{"href":"https:\/\/www.europesays.com\/pt\/wp-json\/wp\/v2\/posts\/187859","targetHints":{"allow":["GET"]}}],"collection":[{"href":"https:\/\/www.europesays.com\/pt\/wp-json\/wp\/v2\/posts"}],"about":[{"href":"https:\/\/www.europesays.com\/pt\/wp-json\/wp\/v2\/types\/post"}],"author":[{"embeddable":true,"href":"https:\/\/www.europesays.com\/pt\/wp-json\/wp\/v2\/users\/2"}],"replies":[{"embeddable":true,"href":"https:\/\/www.europesays.com\/pt\/wp-json\/wp\/v2\/comments?post=187859"}],"version-history":[{"count":0,"href":"https:\/\/www.europesays.com\/pt\/wp-json\/wp\/v2\/posts\/187859\/revisions"}],"wp:featuredmedia":[{"embeddable":true,"href":"https:\/\/www.europesays.com\/pt\/wp-json\/wp\/v2\/media\/187860"}],"wp:attachment":[{"href":"https:\/\/www.europesays.com\/pt\/wp-json\/wp\/v2\/media?parent=187859"}],"wp:term":[{"taxonomy":"category","embeddable":true,"href":"https:\/\/www.europesays.com\/pt\/wp-json\/wp\/v2\/categories?post=187859"},{"taxonomy":"post_tag","embeddable":true,"href":"https:\/\/www.europesays.com\/pt\/wp-json\/wp\/v2\/tags?post=187859"}],"curies":[{"name":"wp","href":"https:\/\/api.w.org\/{rel}","templated":true}]}}