{"id":187867,"date":"2025-12-14T13:35:09","date_gmt":"2025-12-14T13:35:09","guid":{"rendered":"https:\/\/www.europesays.com\/pt\/187867\/"},"modified":"2025-12-14T13:35:09","modified_gmt":"2025-12-14T13:35:09","slug":"funcionarios-do-museu-do-louvre-iniciam-greve-esta-segunda-feira-devido-as-mas-condicoes-de-trabalho","status":"publish","type":"post","link":"https:\/\/www.europesays.com\/pt\/187867\/","title":{"rendered":"Funcion\u00e1rios do museu do Louvre iniciam greve esta segunda-feira devido \u00e0s m\u00e1s condi\u00e7\u00f5es de trabalho"},"content":{"rendered":"<p>Os funcion\u00e1rios do Museu do Louvre, em Paris, marcaram greve a partir desta segunda-feira, 15 de dezembro, que poder\u00e1 prolongar-se pelos dias seguintes, em protesto contra as condi\u00e7\u00f5es de trabalho e a falta de recursos.<\/p>\n<p>O aviso de paralisa\u00e7\u00e3o surge num contexto de forte controv\u00e9rsia devido ao estado de degrada\u00e7\u00e3o de algumas das suas instala\u00e7\u00f5es e ao roubo das joias da coroa da Fran\u00e7a, ocorrido em outubro.<\/p>\n<p>\u201cH\u00e1 tal n\u00edvel de exaspera\u00e7\u00e3o que tudo indica que as condi\u00e7\u00f5es est\u00e3o reunidas para uma greve muito forte\u201d, afirmou este domingo \u00e0 televis\u00e3o BFMTV o representante da Confedera\u00e7\u00e3o Geral do Trabalho (CGT) no Museu do Louvre, Christian Galani, cujo sindicato \u00e9 um dos que convocaram a greve, juntamente com a Confedera\u00e7\u00e3o Francesa Democr\u00e1tica do Trabalho (CFDT) e o grupo de sindicatos Solid\u00e1rios, Unit\u00e1rios e Democr\u00e1ticos (SUD).<\/p>\n<p>Galani sublinhou a <strong>necessidade de \u201cpriorizar, de estabelecer uma hierarquia de medidas de emerg\u00eancia que devem ser implementadas\u201d, defendendo a necessidade de se focarem \u201cno essencial, ou seja, o estado ruinoso do edif\u00edcio e a seguran\u00e7a da institui\u00e7\u00e3o\u201d.<\/strong><\/p>\n<p>Al\u00e9m disso, o dirigente sindical salientou que, nos \u00faltimos 15 anos, foram eliminados mais de 200 postos de trabalho no Museu do Louvre, enquanto o n\u00famero de visitantes se multiplicou, tornando-o o mais visitado do mundo.<\/p>\n<p>Nesse sentido, Galani assinalou que os sindicatos se op\u00f5em ao \u201csistema de pre\u00e7os diferenciados\u201d que o museu ir\u00e1 aplicar dentro de um m\u00eas, considerando que \u201ccria uma discrimina\u00e7\u00e3o inaceit\u00e1vel entre os cidad\u00e3os do Espa\u00e7o Econ\u00f3mico Europeu e os demais\u201d.<\/p>\n<p>A partir de 14 de janeiro, o pre\u00e7o para residentes fora do Espa\u00e7o Econ\u00f3mico Europeu aumentar\u00e1 de 22 para 32 euros, ou seja, um aumento de 45%.<\/p>\n<p>Uma decis\u00e3o que a ministra da Cultura, Rachida Dati, justificou, defendendo que \u201cos visitantes que n\u00e3o s\u00e3o da UE paguem mais pela sua entrada e que essa sobretaxa sirva para financiar a renova\u00e7\u00e3o do patrim\u00f3nio nacional\u201d.<\/p>\n<p>Por sua vez, o Minist\u00e9rio da Cultura anunciou hoje num comunicado que encarregou o presidente da institui\u00e7\u00e3o p\u00fablica Reconstruir Notre Dame, Philippe Jost, de realizar uma miss\u00e3o de dois meses para propor \u201cas medidas e mudan\u00e7as necess\u00e1rias para enfrentar os desafios identificados e fortalecer o patrim\u00f3nio do maior museu do mundo\u201d.<\/p>\n<p>Jost, que atuar\u00e1 sob a supervis\u00e3o da presidente do Museu do Louvre, Laurence des Cars, e em estreita colabora\u00e7\u00e3o com o pessoal do museu e a Dire\u00e7\u00e3o-Geral do Patrim\u00f3nio e Arquitetura do Minist\u00e9rio da Cultura, ter\u00e1 de apresentar as suas recomenda\u00e7\u00f5es iniciais no final de fevereiro de 2026.<\/p>\n<p>Este an\u00fancio surgiu na v\u00e9spera do in\u00edcio da greve no Louvre, que foi convocada um dia depois de se saber que, no passado dia 27 de novembro, v\u00e1rias centenas de livros antigos foram danificados por uma inunda\u00e7\u00e3o causada pela avaria de algumas tubagens cujo estado de degrada\u00e7\u00e3o era conhecido na biblioteca de antiguidades.<\/p>\n<p>Em 17 de novembro, o museu fechou um espa\u00e7o de escrit\u00f3rios e, por precau\u00e7\u00e3o, uma galeria de antiguidades gregas localizada abaixo, ap\u00f3s ter detetado problemas de fragilidade em algumas das vigas dessa \u00e1rea do complexo.<\/p>\n<p>Mas o que gerou mais controv\u00e9rsia nas \u00faltimas semanas foi o espetacular roubo de que o museu foi alvo em 19 de outubro, no qual ladr\u00f5es acederam \u00e0 galeria de Apolo por um elevador de carga e levaram joias da coroa da Fran\u00e7a, em plena luz do dia.<\/p>\n<p>Os quatro membros do bando foram detidos, mas as joias n\u00e3o puderam ser recuperadas.<\/p>\n","protected":false},"excerpt":{"rendered":"Os funcion\u00e1rios do Museu do Louvre, em Paris, marcaram greve a partir desta segunda-feira, 15 de dezembro, que&hellip;\n","protected":false},"author":2,"featured_media":128114,"comment_status":"","ping_status":"","sticky":false,"template":"","format":"standard","meta":{"footnotes":""},"categories":[144],"tags":[207,205,206,203,201,202,204,114,115,208,1322,12926,2458,32,33],"class_list":{"0":"post-187867","1":"post","2":"type-post","3":"status-publish","4":"format-standard","5":"has-post-thumbnail","7":"category-arte-e-design","8":"tag-arte","9":"tag-arte-e-design","10":"tag-artedesign","11":"tag-arts","12":"tag-arts-and-design","13":"tag-artsanddesign","14":"tag-design","15":"tag-entertainment","16":"tag-entretenimento","17":"tag-franca","18":"tag-greve","19":"tag-museu-do-louvre","20":"tag-paris","21":"tag-portugal","22":"tag-pt"},"share_on_mastodon":{"url":"https:\/\/pubeurope.com\/@pt\/115718188090283941","error":""},"_links":{"self":[{"href":"https:\/\/www.europesays.com\/pt\/wp-json\/wp\/v2\/posts\/187867","targetHints":{"allow":["GET"]}}],"collection":[{"href":"https:\/\/www.europesays.com\/pt\/wp-json\/wp\/v2\/posts"}],"about":[{"href":"https:\/\/www.europesays.com\/pt\/wp-json\/wp\/v2\/types\/post"}],"author":[{"embeddable":true,"href":"https:\/\/www.europesays.com\/pt\/wp-json\/wp\/v2\/users\/2"}],"replies":[{"embeddable":true,"href":"https:\/\/www.europesays.com\/pt\/wp-json\/wp\/v2\/comments?post=187867"}],"version-history":[{"count":0,"href":"https:\/\/www.europesays.com\/pt\/wp-json\/wp\/v2\/posts\/187867\/revisions"}],"wp:featuredmedia":[{"embeddable":true,"href":"https:\/\/www.europesays.com\/pt\/wp-json\/wp\/v2\/media\/128114"}],"wp:attachment":[{"href":"https:\/\/www.europesays.com\/pt\/wp-json\/wp\/v2\/media?parent=187867"}],"wp:term":[{"taxonomy":"category","embeddable":true,"href":"https:\/\/www.europesays.com\/pt\/wp-json\/wp\/v2\/categories?post=187867"},{"taxonomy":"post_tag","embeddable":true,"href":"https:\/\/www.europesays.com\/pt\/wp-json\/wp\/v2\/tags?post=187867"}],"curies":[{"name":"wp","href":"https:\/\/api.w.org\/{rel}","templated":true}]}}