{"id":187868,"date":"2025-12-14T13:37:16","date_gmt":"2025-12-14T13:37:16","guid":{"rendered":"https:\/\/www.europesays.com\/pt\/187868\/"},"modified":"2025-12-14T13:37:16","modified_gmt":"2025-12-14T13:37:16","slug":"em-saida-a-noite-francisco-monteiro-apresenta-homem-especial-ameaca-para-pedro-jorge","status":"publish","type":"post","link":"https:\/\/www.europesays.com\/pt\/187868\/","title":{"rendered":"Em sa\u00edda \u00e0 noite, Francisco Monteiro apresenta homem especial: &#8220;Amea\u00e7a para Pedro Jorge?&#8221;"},"content":{"rendered":"<p>A noite de domingo, dia 14, foi sin\u00f3nimo de divers\u00e3o para <a href=\"https:\/\/selfie.iol.pt\/famosos\/francisco-monteiro\/francisco-monteiro-revela-e-o-momento-de-ganhar-amor-proprio-e-deixar-para-tras-aquilo-que-ja-nao-faz-parte-da-nossa-vida\/20251211\/693af980d34e3caad84c460c\" target=\"_blank\" rel=\"nofollow noopener\">Francisco Monteiro<\/a>, que aproveitou para se divertir com amigos.<\/p>\n<p>No Instagram, o comentador de &#8220;<a href=\"https:\/\/tvi.iol.pt\/secretstory\/\" target=\"_blank\" rel=\"nofollow noopener\">Secret Story &#8211; Casa dos Segredos<\/a>&#8221; acabou por destacar uma pessoa especial.<\/p>\n<p>&#8220;Esteve com um p\u00e9 dentro da casa&#8230; Acham que podiam ganhar? Seria amea\u00e7a para <a href=\"https:\/\/selfie.iol.pt\/famosos\/casa-dos-segredos\/fora-de-secret-story-ha-uma-novidade-importante-sobre-pedro-jorge-e-a-familia-reage-o-nosso-pedro\/20251213\/693dcf64d34e2bd5c6d51306\" target=\"_blank\" rel=\"nofollow noopener\">Pedro Jorge<\/a>?&#8221;, questionou Francisco Monteiro na legenda de um registo desse homem.<\/p>\n<p>Veja, agora, algumas das melhores imagens de Francisco Monteiro nas galerias de fotografias que prepar\u00e1mos para si.<\/p>\n<p><img decoding=\"async\" alt=\"\" onclick=\"\" src=\"https:\/\/www.europesays.com\/pt\/wp-content\/uploads\/2025\/12\/1765719436_614_1024.png\" title=\"Francisco Monteiro\"\/><\/p>\n","protected":false},"excerpt":{"rendered":"A noite de domingo, dia 14, foi sin\u00f3nimo de divers\u00e3o para Francisco Monteiro, que aproveitou para se divertir&hellip;\n","protected":false},"author":2,"featured_media":187869,"comment_status":"","ping_status":"","sticky":false,"template":"","format":"standard","meta":{"footnotes":""},"categories":[142],"tags":[2632,114,115,980,2071,1015,619,32,33,1315,1012,151],"class_list":{"0":"post-187868","1":"post","2":"type-post","3":"status-publish","4":"format-standard","5":"has-post-thumbnail","7":"category-tv","8":"tag-casa-dos-segredos","9":"tag-entertainment","10":"tag-entretenimento","11":"tag-famosos","12":"tag-francisco-monteiro","13":"tag-instagram","14":"tag-nacional","15":"tag-portugal","16":"tag-pt","17":"tag-secret-story","18":"tag-selfie","19":"tag-tv"},"share_on_mastodon":{"url":"https:\/\/pubeurope.com\/@pt\/115718196275567657","error":""},"_links":{"self":[{"href":"https:\/\/www.europesays.com\/pt\/wp-json\/wp\/v2\/posts\/187868","targetHints":{"allow":["GET"]}}],"collection":[{"href":"https:\/\/www.europesays.com\/pt\/wp-json\/wp\/v2\/posts"}],"about":[{"href":"https:\/\/www.europesays.com\/pt\/wp-json\/wp\/v2\/types\/post"}],"author":[{"embeddable":true,"href":"https:\/\/www.europesays.com\/pt\/wp-json\/wp\/v2\/users\/2"}],"replies":[{"embeddable":true,"href":"https:\/\/www.europesays.com\/pt\/wp-json\/wp\/v2\/comments?post=187868"}],"version-history":[{"count":0,"href":"https:\/\/www.europesays.com\/pt\/wp-json\/wp\/v2\/posts\/187868\/revisions"}],"wp:featuredmedia":[{"embeddable":true,"href":"https:\/\/www.europesays.com\/pt\/wp-json\/wp\/v2\/media\/187869"}],"wp:attachment":[{"href":"https:\/\/www.europesays.com\/pt\/wp-json\/wp\/v2\/media?parent=187868"}],"wp:term":[{"taxonomy":"category","embeddable":true,"href":"https:\/\/www.europesays.com\/pt\/wp-json\/wp\/v2\/categories?post=187868"},{"taxonomy":"post_tag","embeddable":true,"href":"https:\/\/www.europesays.com\/pt\/wp-json\/wp\/v2\/tags?post=187868"}],"curies":[{"name":"wp","href":"https:\/\/api.w.org\/{rel}","templated":true}]}}