{"id":187870,"date":"2025-12-14T13:41:07","date_gmt":"2025-12-14T13:41:07","guid":{"rendered":"https:\/\/www.europesays.com\/pt\/187870\/"},"modified":"2025-12-14T13:41:07","modified_gmt":"2025-12-14T13:41:07","slug":"alimentos-comuns-podem-estar-afetando-sua-memoria-sem-voce-perceber","status":"publish","type":"post","link":"https:\/\/www.europesays.com\/pt\/187870\/","title":{"rendered":"Alimentos comuns podem estar afetando sua mem\u00f3ria sem voc\u00ea perceber"},"content":{"rendered":"<p>\n\t\t\t\t\t\tEspecialistas explicam que pequenas mudan\u00e7as consistentes na dieta ajudam a reduzir processos inflamat\u00f3rios, estabilizar os n\u00edveis de glicose no sangue e preservar a fun\u00e7\u00e3o cognitiva \/ ImageFX\n\t\t\t\t\t<\/p>\n<p>Nas \u00faltimas d\u00e9cadas, a<a href=\"https:\/\/www.diariodolitoral.com.br\/variedades\/esses-4-alimentos-sao-capazes-de-ativar-o-hormonio-natural-que-ajuda-a\/205302\/\" rel=\"nofollow noopener\" target=\"_blank\"> alimenta\u00e7\u00e3o passou a ser considerada um dos fatores mais relevantes<\/a> para o desempenho do c\u00e9rebro ao longo da vida. Pesquisas recentes indicam que h\u00e1bitos alimentares inadequados podem <a href=\"http:\/\/https:\/\/www.diariodolitoral.com.br\/cotidiano\/pesquisa-item-classico-ao-dormir-salva-memoria\/207675\/\" rel=\"nofollow\">comprometer a mem\u00f3ria,<\/a> reduzir a capacidade de concentra\u00e7\u00e3o e at\u00e9 aumentar o risco de dem\u00eancia na idade avan\u00e7ada.<\/p>\n<p><strong>Fa\u00e7a parte do grupo do Di\u00e1rio no <\/strong><a href=\"https:\/\/bit.ly\/CanalDiarioDoLitoral\" target=\"_blank\" rel=\"nofollow noopener\">WhatsApp<\/a> <strong>e<\/strong> <a href=\"https:\/\/t.me\/diariodolitoral\" target=\"_blank\" rel=\"nofollow\">Telegram<\/a><strong>.<br \/>Mantenha-se bem informado.<\/strong><\/p>\n<p>Isso ocorre porque o que \u00e9 consumido diariamente interfere diretamente na <a href=\"https:\/\/www.diariodolitoral.com.br\/tags\/saude\/\" rel=\"nofollow noopener\" target=\"_blank\">sa\u00fade<\/a> dos neur\u00f4nios e na comunica\u00e7\u00e3o entre as c\u00e9lulas cerebrais.\n\t\t\t<\/p>\n<p class=\"texto-continue listagem-detalhe\">Continua depois da publicidade<\/p>\n<p>Especialistas explicam que pequenas mudan\u00e7as consistentes na dieta ajudam a reduzir processos inflamat\u00f3rios, estabilizar os n\u00edveis de glicose no sangue e preservar a fun\u00e7\u00e3o cognitiva, retardando o decl\u00ednio cerebral.<\/p>\n<p>Como a alimenta\u00e7\u00e3o afeta a sa\u00fade do c\u00e9rebro<\/p>\n<p>A combina\u00e7\u00e3o entre sedentarismo, estresse constante e consumo frequente de alimentos ultraprocessados tem sido associada ao chamado &#8216;nevoeiro mental&#8217;. O quadro se manifesta por esquecimentos frequentes, dificuldade de foco e racioc\u00ednio mais lento, afetando o desempenho no trabalho, nos estudos e nas atividades do dia a dia.\n\t\t\t<\/p>\n<p class=\"texto-continue listagem-detalhe\">Continua depois da publicidade<\/p>\n<p>Segundo nutricionistas e neurologistas, dietas pobres em nutrientes essenciais e ricas em a\u00e7\u00facar, gordura de baixa qualidade e aditivos qu\u00edmicos favorecem inflama\u00e7\u00f5es que atingem tamb\u00e9m o sistema nervoso central.<\/p>\n<p>Alimentos que prejudicam a mem\u00f3ria<\/p>\n<p>Entre os principais vil\u00f5es da <a href=\"https:\/\/www.diariodolitoral.com.br\/tags\/saude\/\" rel=\"nofollow noopener\" target=\"_blank\">sa\u00fade<\/a> cerebral est\u00e3o os ultraprocessados, como refrigerantes, biscoitos recheados, salgadinhos industrializados e refei\u00e7\u00f5es prontas congeladas. O consumo frequente desses produtos est\u00e1 associado a inflama\u00e7\u00f5es no organismo e \u00e0 redu\u00e7\u00e3o da plasticidade cerebral.<\/p>\n<p>As gorduras trans, ainda presentes em alguns alimentos industrializados, podem alterar a estrutura das membranas das c\u00e9lulas cerebrais. J\u00e1 o excesso de s\u00f3dio, comum em fast-foods e pratos prontos, favorece a hipertens\u00e3o e problemas vasculares, prejudicando a circula\u00e7\u00e3o sangu\u00ednea no c\u00e9rebro e afetando mem\u00f3ria e aprendizado.\n\t\t\t<\/p>\n<p class=\"texto-continue listagem-detalhe\">Continua depois da publicidade<\/p>\n<p>Rela\u00e7\u00e3o entre dieta e risco de dem\u00eancia<\/p>\n<p>Pesquisas internacionais tamb\u00e9m refor\u00e7am a liga\u00e7\u00e3o entre <a href=\"https:\/\/www.diariodolitoral.com.br\/tags\/alimentacao\/\" rel=\"nofollow noopener\" target=\"_blank\">alimenta\u00e7\u00e3o<\/a> e dem\u00eancia. Dietas ricas em a\u00e7\u00facares simples e farinhas refinadas, como p\u00e3es brancos, bolos e sobremesas, provocam picos frequentes de glicose no sangue e resist\u00eancia \u00e0 insulina \u2014 condi\u00e7\u00e3o associada a altera\u00e7\u00f5es em \u00e1reas do c\u00e9rebro ligadas \u00e0 mem\u00f3ria e ao controle executivo.<\/p>\n<p>Al\u00e9m disso, padr\u00f5es alimentares inflamat\u00f3rios, com alto consumo de frituras, carnes processadas, \u00f3leos de baixa qualidade e bebidas ado\u00e7adas, elevam o risco de doen\u00e7as cardiovasculares e de dem\u00eancia vascular, tornando o c\u00e9rebro mais vulner\u00e1vel a microles\u00f5es e \u00e0 perda de neur\u00f4nios.<\/p>\n<p>Entre os alimentos mais associados a esses riscos est\u00e3o:\n\t\t\t<\/p>\n<p class=\"texto-continue listagem-detalhe\">Continua depois da publicidade<\/p>\n<p>Carnes processadas, ligadas ao aumento da inflama\u00e7\u00e3o sist\u00eamica;<\/p>\n<p>Refrigerantes e bebidas a\u00e7ucaradas, que desregulam glicose e insulina;<\/p>\n<p>Frituras frequentes, associadas a danos vasculares cerebrais;\n\t\t\t<\/p>\n<p class=\"texto-continue listagem-detalhe\">Continua depois da publicidade<\/p>\n<p>Doces em excesso, que favorecem altera\u00e7\u00f5es metab\u00f3licas prejudiciais ao c\u00e9rebro.<\/p>\n<p>Impacto no foco e na aten\u00e7\u00e3o<\/p>\n<p>A qualidade da <a href=\"https:\/\/www.diariodolitoral.com.br\/tags\/alimentacao\/\" rel=\"nofollow noopener\" target=\"_blank\">alimenta\u00e7\u00e3o<\/a> tamb\u00e9m influencia diretamente o foco e a aten\u00e7\u00e3o. Refei\u00e7\u00f5es ricas em carboidratos simples e pobres em fibras tendem a causar sonol\u00eancia e queda de produtividade poucas horas ap\u00f3s o consumo. O excesso de cafe\u00edna e bebidas energ\u00e9ticas, embora estimule temporariamente, pode gerar ansiedade, irritabilidade e dificuldade de concentra\u00e7\u00e3o quando consumido em grandes quantidades.<\/p>\n<p>Como proteger a mem\u00f3ria por meio da alimenta\u00e7\u00e3o<\/p>\n<p>Especialistas recomendam reduzir gradualmente os alimentos que prejudicam o c\u00e9rebro e priorizar uma dieta rica em frutas, verduras, legumes, gr\u00e3os integrais, azeite de oliva, peixes e oleaginosas. Padr\u00f5es como a dieta mediterr\u00e2nea e a dieta MIND est\u00e3o associados a menor risco de decl\u00ednio cognitivo e de dem\u00eancia.\n\t\t\t<\/p>\n<p class=\"texto-continue listagem-detalhe\">Continua depois da publicidade<\/p>\n<p>Trocas simples, como substituir refrigerantes por \u00e1gua, escolher frutas no lugar de doces industrializados e diminuir a frequ\u00eancia de fast-food, j\u00e1 produzem efeitos positivos. Ler r\u00f3tulos e evitar produtos com alto teor de a\u00e7\u00facar, s\u00f3dio, gorduras trans e muitos aditivos ajuda a transformar a <a href=\"https:\/\/www.diariodolitoral.com.br\/tags\/alimentacao\/\" rel=\"nofollow noopener\" target=\"_blank\">alimenta\u00e7\u00e3o<\/a> em uma aliada da mem\u00f3ria, do foco e da <a href=\"https:\/\/www.diariodolitoral.com.br\/tags\/saude\/\" rel=\"nofollow noopener\" target=\"_blank\">sa\u00fade<\/a> cerebral ao longo da vida.<\/p>\n","protected":false},"excerpt":{"rendered":"Especialistas explicam que pequenas mudan\u00e7as consistentes na dieta ajudam a reduzir processos inflamat\u00f3rios, estabilizar os n\u00edveis de glicose&hellip;\n","protected":false},"author":2,"featured_media":187871,"comment_status":"","ping_status":"","sticky":false,"template":"","format":"standard","meta":{"footnotes":""},"categories":[86],"tags":[2369,116,32,33,117],"class_list":{"0":"post-187870","1":"post","2":"type-post","3":"status-publish","4":"format-standard","5":"has-post-thumbnail","7":"category-saude","8":"tag-alimentacao","9":"tag-health","10":"tag-portugal","11":"tag-pt","12":"tag-saude"},"share_on_mastodon":{"url":"https:\/\/pubeurope.com\/@pt\/115718211831930418","error":""},"_links":{"self":[{"href":"https:\/\/www.europesays.com\/pt\/wp-json\/wp\/v2\/posts\/187870","targetHints":{"allow":["GET"]}}],"collection":[{"href":"https:\/\/www.europesays.com\/pt\/wp-json\/wp\/v2\/posts"}],"about":[{"href":"https:\/\/www.europesays.com\/pt\/wp-json\/wp\/v2\/types\/post"}],"author":[{"embeddable":true,"href":"https:\/\/www.europesays.com\/pt\/wp-json\/wp\/v2\/users\/2"}],"replies":[{"embeddable":true,"href":"https:\/\/www.europesays.com\/pt\/wp-json\/wp\/v2\/comments?post=187870"}],"version-history":[{"count":0,"href":"https:\/\/www.europesays.com\/pt\/wp-json\/wp\/v2\/posts\/187870\/revisions"}],"wp:featuredmedia":[{"embeddable":true,"href":"https:\/\/www.europesays.com\/pt\/wp-json\/wp\/v2\/media\/187871"}],"wp:attachment":[{"href":"https:\/\/www.europesays.com\/pt\/wp-json\/wp\/v2\/media?parent=187870"}],"wp:term":[{"taxonomy":"category","embeddable":true,"href":"https:\/\/www.europesays.com\/pt\/wp-json\/wp\/v2\/categories?post=187870"},{"taxonomy":"post_tag","embeddable":true,"href":"https:\/\/www.europesays.com\/pt\/wp-json\/wp\/v2\/tags?post=187870"}],"curies":[{"name":"wp","href":"https:\/\/api.w.org\/{rel}","templated":true}]}}