{"id":187878,"date":"2025-12-14T13:49:16","date_gmt":"2025-12-14T13:49:16","guid":{"rendered":"https:\/\/www.europesays.com\/pt\/187878\/"},"modified":"2025-12-14T13:49:16","modified_gmt":"2025-12-14T13:49:16","slug":"residencia-de-apenas-um-quarto-foi-eleita-a-casa-do-ano-de-2025-pelo-riba","status":"publish","type":"post","link":"https:\/\/www.europesays.com\/pt\/187878\/","title":{"rendered":"Resid\u00eancia de apenas um quarto foi eleita a Casa do Ano de 2025 pelo RIBA"},"content":{"rendered":"<p>O terreno da Caochan na Creige foi adquirido em 2020, por\u00e9m, o projeto original (que possuia cerca de 200 m\u00b2)\u00a0precisou ser abandonado por conta do limite de or\u00e7amento.<\/p>\n<p>Mas isso n\u00e3o o impediu de retomarem o desenho.\u00a0Em 2021, o casal decidiu redesenhar totalmente a proposta e construir a casa com as pr\u00f3prias m\u00e3os. Esse processo, mais lento e artesanal, levou a um projeto mais enxuto e sens\u00edvel ao entorno.<\/p>\n<p>Sensibilidade e ousadia<\/p>\n<p>Foram essas caracter\u00edsticas que diferenciaram a resid\u00eancia dos outros concorrentes do pr\u00eamio. Segundo o j\u00fari do RIBA, a resid\u00eancia foi \u201cconcebida e executada com not\u00e1vel habilidade e sobriedade, adequados ao seu contexto e ambiente\u201d.\u00a0<\/p>\n","protected":false},"excerpt":{"rendered":"O terreno da Caochan na Creige foi adquirido em 2020, por\u00e9m, o projeto original (que possuia cerca de&hellip;\n","protected":false},"author":2,"featured_media":187879,"comment_status":"","ping_status":"","sticky":false,"template":"","format":"standard","meta":{"footnotes":""},"categories":[144],"tags":[207,205,206,203,201,202,37954,204,114,115,1187,32,33],"class_list":{"0":"post-187878","1":"post","2":"type-post","3":"status-publish","4":"format-standard","5":"has-post-thumbnail","7":"category-arte-e-design","8":"tag-arte","9":"tag-arte-e-design","10":"tag-artedesign","11":"tag-arts","12":"tag-arts-and-design","13":"tag-artsanddesign","14":"tag-casa-e-jardim","15":"tag-design","16":"tag-entertainment","17":"tag-entretenimento","18":"tag-fatos-curiosos","19":"tag-portugal","20":"tag-pt"},"share_on_mastodon":{"url":"https:\/\/pubeurope.com\/@pt\/115718243167958051","error":""},"_links":{"self":[{"href":"https:\/\/www.europesays.com\/pt\/wp-json\/wp\/v2\/posts\/187878","targetHints":{"allow":["GET"]}}],"collection":[{"href":"https:\/\/www.europesays.com\/pt\/wp-json\/wp\/v2\/posts"}],"about":[{"href":"https:\/\/www.europesays.com\/pt\/wp-json\/wp\/v2\/types\/post"}],"author":[{"embeddable":true,"href":"https:\/\/www.europesays.com\/pt\/wp-json\/wp\/v2\/users\/2"}],"replies":[{"embeddable":true,"href":"https:\/\/www.europesays.com\/pt\/wp-json\/wp\/v2\/comments?post=187878"}],"version-history":[{"count":0,"href":"https:\/\/www.europesays.com\/pt\/wp-json\/wp\/v2\/posts\/187878\/revisions"}],"wp:featuredmedia":[{"embeddable":true,"href":"https:\/\/www.europesays.com\/pt\/wp-json\/wp\/v2\/media\/187879"}],"wp:attachment":[{"href":"https:\/\/www.europesays.com\/pt\/wp-json\/wp\/v2\/media?parent=187878"}],"wp:term":[{"taxonomy":"category","embeddable":true,"href":"https:\/\/www.europesays.com\/pt\/wp-json\/wp\/v2\/categories?post=187878"},{"taxonomy":"post_tag","embeddable":true,"href":"https:\/\/www.europesays.com\/pt\/wp-json\/wp\/v2\/tags?post=187878"}],"curies":[{"name":"wp","href":"https:\/\/api.w.org\/{rel}","templated":true}]}}