{"id":187884,"date":"2025-12-14T13:56:13","date_gmt":"2025-12-14T13:56:13","guid":{"rendered":"https:\/\/www.europesays.com\/pt\/187884\/"},"modified":"2025-12-14T13:56:13","modified_gmt":"2025-12-14T13:56:13","slug":"chegou-a-lista-com-os-7-cortes-de-cabelo-que-vao-dominar-2026","status":"publish","type":"post","link":"https:\/\/www.europesays.com\/pt\/187884\/","title":{"rendered":"Chegou a lista com os 7 cortes de cabelo que v\u00e3o dominar 2026"},"content":{"rendered":"<p>Os cortes de cabelo da moda para 2026 j\u00e1 come\u00e7am a aparecer em sal\u00f5es e redes sociais, misturando praticidade, movimento e um leve toque retr\u00f4. A proposta \u00e9 valorizar a textura natural dos fios com manuten\u00e7\u00f5es simples, mas com acabamento bem definido e possibilidade de personaliza\u00e7\u00e3o para diferentes rotinas e formatos de rosto.<\/p>\n<p>Como escolher cortes de cabelo da moda adequados ao seu perfil<\/p>\n<p>Na hora de aderir \u00e0s tend\u00eancias de 2026, o ponto de partida deve ser o tipo de fio e o estilo de vida. Cabelos lisos, ondulados, cacheados ou crespos respondem de forma diferente ao mesmo corte, o que pode mudar bastante o resultado final e o n\u00edvel de manuten\u00e7\u00e3o necess\u00e1rio.<\/p>\n<p>Profissionais costumam avaliar formato do rosto, densidade, hist\u00f3rico qu\u00edmico e tempo dispon\u00edvel para cuidados di\u00e1rios. Assim, o corte deixa de ser apenas tend\u00eancia e passa a funcionar como aliado, evitando frustra\u00e7\u00f5es com crescimento irregular ou dificuldade na finaliza\u00e7\u00e3o em casa.<\/p>\n<p>Quais s\u00e3o os cortes de cabelo da moda em 2026<\/p>\n<p>O shaggy, o blunt bob, os formatos arredondados, o pixie, o mullet moderno, o bixie e o corte em U suave aparecem com for\u00e7a, cada um oferecendo um tipo de efeito visual espec\u00edfico.<\/p>\n<p>Tamb\u00e9m ganham destaque os longos em camadas suaves, ideais para quem n\u00e3o quer abrir m\u00e3o do comprimento, mas deseja mais leveza. Assim, tanto cabelos curtos quanto m\u00e9dios e longos encontram espa\u00e7o nas tend\u00eancias, permitindo adaptar o estilo \u00e0 rotina e \u00e0 textura natural dos fios.<\/p>\n<ul class=\"wp-block-list\">\n<li><strong>Shaggy hair<\/strong>: camadas desfiadas, textura marcada e volume controlado;<\/li>\n<\/ul>\n<ul class=\"wp-block-list\">\n<li><strong>Blunt bob<\/strong>: corte reto e minimalista na altura do queixo ou um pouco abaixo;<\/li>\n<\/ul>\n<ul class=\"wp-block-list\">\n<li><strong>Pixie cut<\/strong>: bem curto, pr\u00e1tico, com assimetrias e textura moderna;<\/li>\n<\/ul>\n<ul class=\"wp-block-list\">\n<li><strong>Bixie cut<\/strong>: fus\u00e3o entre bob e pixie, com movimento nas pontas;<\/li>\n<\/ul>\n<ul class=\"wp-block-list\">\n<li><strong>Mullet atualizado<\/strong>: vers\u00e3o suave, com menos contraste entre nuca e topo;<\/li>\n<\/ul>\n<ul class=\"wp-block-list\">\n<li><strong>Longo em camadas suaves<\/strong>: comprimento preservado, por\u00e9m com balan\u00e7o;<\/li>\n<\/ul>\n<ul class=\"wp-block-list\">\n<li><strong>Corte em U suave (Curve Cut)<\/strong>: caimento fluido e desenho em U nas costas.<\/li>\n<\/ul>\n<p>Quais tend\u00eancias se destacam entre os cortes de cabelo em 2026<\/p>\n<p>O shaggy segue entre os cortes mais comentados, com camadas irregulares que valorizam ondas e cachos em vers\u00f5es curtas, m\u00e9dias ou longas. J\u00e1 o blunt bob surge como contraponto ao visual desfiado, com base reta, pouco repicado e linhas limpas que criam sensa\u00e7\u00e3o de maior densidade.<\/p>\n<p>Formas arredondadas ganham espa\u00e7o em cabelos cacheados e crespos, construindo um contorno em arco que distribui melhor o volume. O bixie se firma como op\u00e7\u00e3o m\u00e9dio-curta moderna, oferecendo movimento nas pontas e versatilidade para quem quer atitude sem perder totalmente o comprimento.<\/p>\n<p>Como franjas e camadas entram nos cortes de cabelo da moda<\/p>\n<p>As franjas voltam como elemento-chave para atualizar o visual sem mudan\u00e7a radical no comprimento. Reta, desfiada, curta, longa, lateral ou em cortina, elas ajudam a emoldurar o rosto e adaptar cortes cl\u00e1ssicos \u00e0s refer\u00eancias atuais de 2026.<\/p>\n<p>Entre as vers\u00f5es em alta, a franja Birkin se destaca por ser mais longa, levemente desfiada e repousar sobre as sobrancelhas, trazendo um ar retr\u00f4 moderno. J\u00e1 os longos em camadas suaves evitam o efeito chapado em fios lisos e ajudam a definir o desenho natural em cabelos ondulados ou cacheados.<\/p>\n<p>Leia tamb\u00e9m: <a href=\"https:\/\/www.tupi.fm\/entretenimento\/como-a-franja-ideal-pode-te-deixar-irreconhecivel\/\" target=\"_blank\" rel=\"noreferrer noopener nofollow\">Como a franja ideal pode te deixar irreconhec\u00edvel<\/a><\/p>\n<p>Como os cortes curtos, m\u00e9dios e longos se encaixam em 2026<\/p>\n<p>Nos curtos, o pixie permanece em evid\u00eancia, surgindo tanto em vers\u00f5es polidas quanto desconstru\u00eddas, com topo alongado e textura ondulada. O mullet reaparece atualizado, com contraste mais suave entre frente e nuca, muitas vezes combinado a ondas e acabamento messy.<\/p>\n<p>O bixie ocupa o meio-termo estrat\u00e9gico entre curtos e m\u00e9dios, geralmente entre a orelha e o maxilar. Com ajustes de franja e gradua\u00e7\u00e3o na parte de tr\u00e1s, permite adaptar o corte a diferentes formatos de rosto, equilibrando praticidade e possibilidade de estiliza\u00e7\u00e3o.<\/p>\n","protected":false},"excerpt":{"rendered":"Os cortes de cabelo da moda para 2026 j\u00e1 come\u00e7am a aparecer em sal\u00f5es e redes sociais, misturando&hellip;\n","protected":false},"author":2,"featured_media":187885,"comment_status":"","ping_status":"","sticky":false,"template":"","format":"standard","meta":{"footnotes":""},"categories":[85],"tags":[6041,22736,38061,22379,114,115,1952,32,33,2145,9345],"class_list":{"0":"post-187884","1":"post","2":"type-post","3":"status-publish","4":"format-standard","5":"has-post-thumbnail","7":"category-entretenimento","8":"tag-cabelo","9":"tag-chegou","10":"tag-cortes","11":"tag-dominar","12":"tag-entertainment","13":"tag-entretenimento","14":"tag-lista","15":"tag-portugal","16":"tag-pt","17":"tag-que","18":"tag-v"},"share_on_mastodon":{"url":"https:\/\/pubeurope.com\/@pt\/115718270973989974","error":""},"_links":{"self":[{"href":"https:\/\/www.europesays.com\/pt\/wp-json\/wp\/v2\/posts\/187884","targetHints":{"allow":["GET"]}}],"collection":[{"href":"https:\/\/www.europesays.com\/pt\/wp-json\/wp\/v2\/posts"}],"about":[{"href":"https:\/\/www.europesays.com\/pt\/wp-json\/wp\/v2\/types\/post"}],"author":[{"embeddable":true,"href":"https:\/\/www.europesays.com\/pt\/wp-json\/wp\/v2\/users\/2"}],"replies":[{"embeddable":true,"href":"https:\/\/www.europesays.com\/pt\/wp-json\/wp\/v2\/comments?post=187884"}],"version-history":[{"count":0,"href":"https:\/\/www.europesays.com\/pt\/wp-json\/wp\/v2\/posts\/187884\/revisions"}],"wp:featuredmedia":[{"embeddable":true,"href":"https:\/\/www.europesays.com\/pt\/wp-json\/wp\/v2\/media\/187885"}],"wp:attachment":[{"href":"https:\/\/www.europesays.com\/pt\/wp-json\/wp\/v2\/media?parent=187884"}],"wp:term":[{"taxonomy":"category","embeddable":true,"href":"https:\/\/www.europesays.com\/pt\/wp-json\/wp\/v2\/categories?post=187884"},{"taxonomy":"post_tag","embeddable":true,"href":"https:\/\/www.europesays.com\/pt\/wp-json\/wp\/v2\/tags?post=187884"}],"curies":[{"name":"wp","href":"https:\/\/api.w.org\/{rel}","templated":true}]}}