{"id":187886,"date":"2025-12-14T13:57:17","date_gmt":"2025-12-14T13:57:17","guid":{"rendered":"https:\/\/www.europesays.com\/pt\/187886\/"},"modified":"2025-12-14T13:57:17","modified_gmt":"2025-12-14T13:57:17","slug":"qual-e-o-exercicio-que-ajuda-a-proteger-os-joelhos-de-adultos-mais-velhos","status":"publish","type":"post","link":"https:\/\/www.europesays.com\/pt\/187886\/","title":{"rendered":"Qual \u00e9 o exerc\u00edcio que ajuda a proteger os joelhos de adultos mais velhos?"},"content":{"rendered":"\n<p class=\" content-text__container theme-color-primary-first-letter\" data-track-category=\"Link no Texto\" data-track-links=\"\"> Embora a atividade f\u00edsica continue sendo um pilar fundamental para a sa\u00fade a longo prazo, pesquisas recentes sugerem que n\u00e3o apenas a quantidade, mas tamb\u00e9m o tipo de exerc\u00edcio, \u00e9 crucial. <\/p>\n<ul class=\"content-unordered-list\">\n<li><strong>\u2018Nova gera\u00e7\u00e3o do Mounjaro&#8217;: <\/strong><a class=\"\" href=\"https:\/\/oglobo.globo.com\/saude\/noticia\/2025\/12\/12\/retatrutida-nova-geracao-do-mounjaro-leva-a-perda-de-peso-inedita-de-287percent-semelhante-a-da-bariatrica-mostra-estudo.ghtml\" rel=\"nofollow noopener\" target=\"_blank\"><strong>retatrutida leva \u00e0 perda de peso in\u00e9dita de 28,7%, semelhante \u00e0 uma bari\u00e1trica, mostra estudo<\/strong><\/a><\/li>\n<li><strong>Amaciante de roupa: <\/strong><a class=\"\" href=\"https:\/\/oglobo.globo.com\/saude\/noticia\/2025\/12\/13\/amaciante-de-roupa-6-itens-que-nunca-devem-ser-lavados-com-o-produto-segundo-especialistas.ghtml\" rel=\"nofollow noopener\" target=\"_blank\"><strong>6 itens que nunca devem ser lavados com o produto, segundo especialistas<\/strong><\/a><\/li>\n<\/ul>\n<p class=\" content-text__container \" data-track-category=\"Link no Texto\" data-track-links=\"\"> Nesse contexto, a caminhada retr\u00f3grada, ou caminhar para tr\u00e1s, surge como uma alternativa surpreendentemente eficaz, superando at\u00e9 mesmo, em alguns aspectos, atividades mais comuns como a caminhada tradicional ou o ciclismo, para a prote\u00e7\u00e3o dos joelhos em idosos. <\/p>\n<p class=\" content-text__container \" data-track-category=\"Link no Texto\" data-track-links=\"\"> Essa pr\u00e1tica, que ativa m\u00fasculos e padr\u00f5es de movimento subutilizados, promove uma for\u00e7a geral mais equilibrada. Ao contr\u00e1rio da caminhada para frente, o aumento da concentra\u00e7\u00e3o e da coordena\u00e7\u00e3o exigido na caminhada para tr\u00e1s oferece benef\u00edcios f\u00edsicos e cognitivos, tornando-a um desafio completo. <\/p>\n<p class=\" content-text__container \" data-track-category=\"Link no Texto\" data-track-links=\"\"> Um estudo publicado no Journal of Orthopaedic Surgery and Research corrobora sua efic\u00e1cia, descrevendo-a como uma atividade de baixo impacto com benef\u00edcios significativos para a sa\u00fade articular, o controle da dor cr\u00f4nica e a fun\u00e7\u00e3o neuromuscular. A pesquisa analisou pacientes com osteoartrite leve a moderada no joelho que incorporaram essa modalidade \u00e0 sua rotina por seis semanas. Os resultados foram convincentes: uma \u201c melhora not\u00e1vel na mobilidade articular e uma redu\u00e7\u00e3o significativa da dor\u201d em compara\u00e7\u00e3o com aqueles que mantiveram os exerc\u00edcios convencionais. <\/p>\n<p class=\" content-text__container \" data-track-category=\"Link no Texto\" data-track-links=\"\"> A chave para esse benef\u00edcio reside na forma como o p\u00e9 toca o ch\u00e3o. Ao utilizar um padr\u00e3o de pisada &#8220;ponta-calcanhar &#8221; em vez do usual &#8220;calcanhar-ponta&#8221;, as for\u00e7as de compress\u00e3o nos joelhos s\u00e3o reduzidas. Isso ativa o quadr\u00edceps de forma mais intensa, proporcionando suporte adicional \u00e0 articula\u00e7\u00e3o e ajudando a absorver o impacto com mais efici\u00eancia. Al\u00e9m disso, de acordo com a Cleveland Clinic, esse exerc\u00edcio aumenta a flexibilidade dos flexores do quadril, m\u00fasculos essenciais para a estabilidade p\u00e9lvica e amplitude de movimento, o que previne les\u00f5es e contribui para um melhor alinhamento corporal. <\/p>\n<ul class=\"content-unordered-list\">\n<li><strong>Celebridades est\u00e3o clonando seus animais de estima\u00e7\u00e3o, <\/strong><a class=\"\" href=\"https:\/\/oglobo.globo.com\/saude\/noticia\/2025\/12\/14\/celebridades-estao-clonando-seus-animais-de-estimacao-mas-funciona-e-bom.ghtml\" rel=\"nofollow noopener\" target=\"_blank\"><strong>mas funciona? \u00c9 bom?<\/strong><\/a><\/li>\n<\/ul>\n<p class=\" content-text__container \" data-track-category=\"Link no Texto\" data-track-links=\"\"> Al\u00e9m de trabalhar as articula\u00e7\u00f5es, caminhar para tr\u00e1s tamb\u00e9m estimula o sistema cardiovascular e aumenta o gasto cal\u00f3rico. Jordan Boreman, fisiologista do exerc\u00edcio da Cleveland Clinic, explicou que caminhar para tr\u00e1s pode atingir cerca de 6 METs (equivalentes metab\u00f3licos da tarefa), em compara\u00e7\u00e3o com 3,5 METs para a caminhada tradicional. <\/p>\n<p class=\" content-text__container \" data-track-category=\"Link no Texto\" data-track-links=\"\"> &#8220;\u00c0 medida que seus m\u00fasculos se movem de maneiras diferentes, sua frequ\u00eancia card\u00edaca aumenta, o que pode ajudar a queimar mais caloria&#8221;, observou o especialista. <\/p>\n<p class=\" content-text__container \" data-track-category=\"Link no Texto\" data-track-links=\"\"> O aumento da frequ\u00eancia card\u00edaca melhora a circula\u00e7\u00e3o e o condicionamento cardiorrespirat\u00f3rio, enquanto os ajustes posturais constantes ativam os gl\u00fateos, quadr\u00edceps e estabilizadores do core, promovendo um treino mais completo e equilibrado. <\/p>\n<p class=\" content-text__container \" data-track-category=\"Link no Texto\" data-track-links=\"\"> Essa pr\u00e1tica vers\u00e1til tamb\u00e9m demonstra benef\u00edcios para a coluna vertebral. Um estudo publicado na PLOS One avaliou pessoas com dor lombar cr\u00f4nica associada \u00e0 s\u00edndrome de flex\u00e3o, constatando que as sess\u00f5es de retroflex\u00e3o melhoraram o controle dos movimentos lombop\u00e9lvicos por meio da ativa\u00e7\u00e3o dos m\u00fasculos extensores das costas e dos estabilizadores profundos do tronco. Isso sugere seu potencial como ferramenta de reeduca\u00e7\u00e3o motora, \u00fatil na reabilita\u00e7\u00e3o e na preven\u00e7\u00e3o da dor. <\/p>\n<p class=\" content-text__container \" data-track-category=\"Link no Texto\" data-track-links=\"\"> Num contexto em que a esperan\u00e7a de vida est\u00e1 aumentando e os problemas osteoarticulares se tornam mais comuns, o fortalecimento dos m\u00fasculos que rodeiam as articula\u00e7\u00f5es surge como uma estrat\u00e9gia preventiva fundamental, e a marcha retr\u00f3grada oferece uma via acess\u00edvel e de baixo impacto, adapt\u00e1vel a v\u00e1rios ambientes, como espa\u00e7os abertos ou passadeiras. <\/p>\n","protected":false},"excerpt":{"rendered":"Embora a atividade f\u00edsica continue sendo um pilar fundamental para a sa\u00fade a longo prazo, pesquisas recentes sugerem&hellip;\n","protected":false},"author":2,"featured_media":187887,"comment_status":"","ping_status":"","sticky":false,"template":"","format":"standard","meta":{"footnotes":""},"categories":[84],"tags":[109,107,108,319,32,33,105,103,104,106,110],"class_list":{"0":"post-187886","1":"post","2":"type-post","3":"status-publish","4":"format-standard","5":"has-post-thumbnail","7":"category-ciencia-e-tecnologia","8":"tag-ciencia","9":"tag-ciencia-e-tecnologia","10":"tag-cienciaetecnologia","11":"tag-hard-news","12":"tag-portugal","13":"tag-pt","14":"tag-science","15":"tag-science-and-technology","16":"tag-scienceandtechnology","17":"tag-technology","18":"tag-tecnologia"},"share_on_mastodon":{"url":"https:\/\/pubeurope.com\/@pt\/115718274643409368","error":""},"_links":{"self":[{"href":"https:\/\/www.europesays.com\/pt\/wp-json\/wp\/v2\/posts\/187886","targetHints":{"allow":["GET"]}}],"collection":[{"href":"https:\/\/www.europesays.com\/pt\/wp-json\/wp\/v2\/posts"}],"about":[{"href":"https:\/\/www.europesays.com\/pt\/wp-json\/wp\/v2\/types\/post"}],"author":[{"embeddable":true,"href":"https:\/\/www.europesays.com\/pt\/wp-json\/wp\/v2\/users\/2"}],"replies":[{"embeddable":true,"href":"https:\/\/www.europesays.com\/pt\/wp-json\/wp\/v2\/comments?post=187886"}],"version-history":[{"count":0,"href":"https:\/\/www.europesays.com\/pt\/wp-json\/wp\/v2\/posts\/187886\/revisions"}],"wp:featuredmedia":[{"embeddable":true,"href":"https:\/\/www.europesays.com\/pt\/wp-json\/wp\/v2\/media\/187887"}],"wp:attachment":[{"href":"https:\/\/www.europesays.com\/pt\/wp-json\/wp\/v2\/media?parent=187886"}],"wp:term":[{"taxonomy":"category","embeddable":true,"href":"https:\/\/www.europesays.com\/pt\/wp-json\/wp\/v2\/categories?post=187886"},{"taxonomy":"post_tag","embeddable":true,"href":"https:\/\/www.europesays.com\/pt\/wp-json\/wp\/v2\/tags?post=187886"}],"curies":[{"name":"wp","href":"https:\/\/api.w.org\/{rel}","templated":true}]}}