{"id":187888,"date":"2025-12-14T13:59:07","date_gmt":"2025-12-14T13:59:07","guid":{"rendered":"https:\/\/www.europesays.com\/pt\/187888\/"},"modified":"2025-12-14T13:59:07","modified_gmt":"2025-12-14T13:59:07","slug":"policia-australiana-fala-em-ataque-terrorista-dirigido-a-comunidade-judaica-12-mortos-e-29-feridos-confirmados-expresso-2","status":"publish","type":"post","link":"https:\/\/www.europesays.com\/pt\/187888\/","title":{"rendered":"Pol\u00edcia australiana fala em &quot;ataque terrorista&quot; dirigido \u00e0 comunidade judaica. 12 mortos e 29 feridos confirmados &#8211; Expresso"},"content":{"rendered":"<ol>\n<li><a href=\"https:\/\/news.google.com\/rss\/articles\/CBMi-gFBVV95cUxQOUFpWW0ycFpJY3FydWZ6ZHNmM1g0RnNWRXFLX2U5T0p5NmFQVjNWbzBLS184eFlBdFptN2xSWmszWjBuVkw4UFRPYWltemFGRFFjS1FhQnJzcVRENFhWYVZTWjBHX0J0c2xQU29RWWlXVVZYVWVBQ1BDZzlZUklFQUcxS3pMRnphek5jbTk2UkZ6bjZTbFRhd0ZkNEZCLTdmUHBha3ZxWl96cXFEQVFQbkF6QWhYZGRLWHZDbnFTLWo5czlUdVlMX29pT3VGc2Z3UEgtblhiMm5EMERDaEhKa09VellXMFVuOEhDWGVzYkh3UkxFbU1YanZn0gHPA0FVX3lxTFB0RzI4M0c3WnlrNUF4cFpjRkllcERtNVhEUU1Wd3NCOFNfWjdtbHZtcklXVmVrRmVLZmNjUm1nX2tGTW1HWUxiTmlYNWQzenZqa084ZnlIbEhuRWhNbnV2TjRIbkpKQUV6blk3Y1Jfa3lHMS1Da0xpM2JKR1ZtMU8xWWEyS085OWtZVEhGSlRrUXZub1BlS2pVb0ptLTVzMFJkRXJLbThNZDJFbGJRdnFWYmxiellmemJNbnpFNjBYMXE3VTEzODFzYXRjX0kyMUZxdGhCemphR0daWXNDVVNkcmRKNkxZNVdYVjloMGZhSGFBUGVIWjY0ZklXOTdLRU9YRlVfVmJPNTlSQ0xmay03RnlqOXpkaVM5V1NadnBjdXFGTTFlc21FMXRrNW1QN1NJaTVWaUFpOGg2WklpZEZLVUR6X3AtcEJSYlZhRHRlcnR1WkliODFGRVFaN2N1R25SX21VZS14MS0xNThFa0dETWE5Z3VFaFBfMEF5OWRpSHNhcFl0S0tRejdiLW9KekZTM0pqYUtDVjFLdXhLMUdJdXdHa0lUQTkzVDBZTENRdGNjbkg0WldiZU5EbFNLSkE1ZzYtZENicE9ZRThGX3M?oc=5\" target=\"_blank\" rel=\"nofollow noopener\">Pol\u00edcia australiana fala em &#8220;ataque terrorista&#8221; dirigido \u00e0 comunidade judaica. 12 mortos e 29 feridos confirmados<\/a>&nbsp;&nbsp;Expresso<\/li>\n<li><a href=\"https:\/\/news.google.com\/rss\/articles\/CBMisgFBVV95cUxOZGRha0E3SnpIeFF5aXM3T3FZY1YwOHFiWUZCQnVidVVCM1NsREJZWkM4YzZzZ0Q5eE5zTDFYaTBqbzRzWDdBbXFLRkh0T1Vad2h5RlozRGlxcVF1QU53bDB5UXpMd2dGS1VmcnZGeEZmMjBabV9oR2hLLW1HZjlGWko2cTZSRUpVYUhsVFFBdlBOWjRSNU5kazdKdFhwUFZVMnRSWGpxTU5Tc29xQ2dFa0pR?oc=5\" target=\"_blank\" rel=\"nofollow noopener\">Ataque em praia da Austr\u00e1lia foi terrorismo e tinha judeus como alvo<\/a>&nbsp;&nbsp;CNN Brasil<\/li>\n<li><a href=\"https:\/\/news.google.com\/rss\/articles\/CBMiqgFBVV95cUxQa0RVREx2cmtuZGR4YmE0N1A3R3djNlZpeEt2b2lyTFkzOGFXSnhQQWxGZFZJTDdpUnlERFBsM1Rmb3FyLVVSWF9kcXZJQWFzVDVQeGcwRVNkSEZORFJqVmxlcDNrYk9rZkJOTkJfM2oycTBTSThwMFlKbE9EZFRMaXp2V2E4T28wSG5SMjlIZ3ZzV0I5SmR3clBqVXp6OHpGYzRuQVJUanVXUdIBuAFBVV95cUxPRm5hbjlIanV2dkttaFh4UGE0UlItREU0QnBTQTBnRS0tNjRzWGZwam9vcDhPakU5eWNDTTlOWHAwb0ZUdTVuZS11ZVZSRVJCUmp3ZEhMU0ptRGtiZ1R5cXhWQkw1R3g1RWJJd3pHdDl3aTZ1N0hweVJtT2FnbHc1cmFUNk9XNGxDTEZNS3hzRUVRbzR3ZXBSRDhXV2ZCZ2ZiNmdjc056WGhDdFFkY3g2OXk0TGZxb2tG?oc=5\" target=\"_blank\" rel=\"nofollow noopener\">V\u00eddeo mostra momento em que homem desarma atirador na Austr\u00e1lia<\/a>&nbsp;&nbsp;CBN<\/li>\n<li><a href=\"https:\/\/news.google.com\/rss\/articles\/CBMiwgFBVV95cUxOeU1mU2xTQnc3ZkNVOVc5ZDVVY2ZiaTlxamVDRUR3R3lOeEEzMVhvbFB4anJmdG8xamx5VzRtQ3pxRDRkWm5tQXBMVVp6bkk4b2JWY28zdWRpcXo3OS1VcTJMRkpLWHlsSHlxS2hTYlQ3VjVZT0FKX1ZuLTNlMVRaRFNyNXR4cEc3bHg5U0NEN05sRjUwd3VGOV9oczdhNnRsczZQY1lheW5mVkhpNlN0YWUwYjFXX3haRVZ2LTFHSHl0QQ?oc=5\" target=\"_blank\" rel=\"nofollow noopener\">Ataque a tiros em praia de Sydney mata ao menos 12 pessoas durante feriado judaico; veja v\u00eddeo<\/a>&nbsp;&nbsp;Folha de S.Paulo<\/li>\n<li><a href=\"https:\/\/news.google.com\/rss\/articles\/CBMipwFBVV95cUxQcEIzOW1fVnlzYmtlMkpBZU5TVWdOQkdIN29BbV8yRm9OUTNuS0N4MXpHRmRuMjFLaTJCMUdYTFpwSHBscGpPWXJvclJGWHRqNk5kdUhIalFiM1lHSmJmZEtvYXVnTFpWSWRIanN2OVFtWUNDd3lhd3NRWFpmS1dNbkItVFZkZXRVZnRMM0lFcXFzMHNocFRkVDBuMXdmeEh4R2Z3eTJWbw?oc=5\" target=\"_blank\" rel=\"nofollow noopener\">Atiradores matam ao menos 11 pessoas em celebra\u00e7\u00e3o judaica na Austr\u00e1lia<\/a>&nbsp;&nbsp;VEJA<\/li>\n<\/ol>\n","protected":false},"excerpt":{"rendered":"Pol\u00edcia australiana fala em &#8220;ataque terrorista&#8221; dirigido \u00e0 comunidade judaica. 12 mortos e 29 feridos confirmados&nbsp;&nbsp;Expresso Ataque em&hellip;\n","protected":false},"author":2,"featured_media":187848,"comment_status":"","ping_status":"","sticky":false,"template":"","format":"standard","meta":{"footnotes":""},"categories":[50],"tags":[27,28,15,16,14,25,26,21,22,62,12,13,19,20,23,24,17,18,29,30,31,63,64,65],"class_list":{"0":"post-187888","1":"post","2":"type-post","3":"status-publish","4":"format-standard","5":"has-post-thumbnail","7":"category-mundo","8":"tag-breaking-news","9":"tag-breakingnews","10":"tag-featured-news","11":"tag-featurednews","12":"tag-headlines","13":"tag-latest-news","14":"tag-latestnews","15":"tag-main-news","16":"tag-mainnews","17":"tag-mundo","18":"tag-news","19":"tag-noticias","20":"tag-noticias-principais","21":"tag-noticiasprincipais","22":"tag-principais-noticias","23":"tag-principaisnoticias","24":"tag-top-stories","25":"tag-topstories","26":"tag-ultimas","27":"tag-ultimas-noticias","28":"tag-ultimasnoticias","29":"tag-world","30":"tag-world-news","31":"tag-worldnews"},"share_on_mastodon":{"url":"https:\/\/pubeurope.com\/@pt\/115718282724101909","error":""},"_links":{"self":[{"href":"https:\/\/www.europesays.com\/pt\/wp-json\/wp\/v2\/posts\/187888","targetHints":{"allow":["GET"]}}],"collection":[{"href":"https:\/\/www.europesays.com\/pt\/wp-json\/wp\/v2\/posts"}],"about":[{"href":"https:\/\/www.europesays.com\/pt\/wp-json\/wp\/v2\/types\/post"}],"author":[{"embeddable":true,"href":"https:\/\/www.europesays.com\/pt\/wp-json\/wp\/v2\/users\/2"}],"replies":[{"embeddable":true,"href":"https:\/\/www.europesays.com\/pt\/wp-json\/wp\/v2\/comments?post=187888"}],"version-history":[{"count":0,"href":"https:\/\/www.europesays.com\/pt\/wp-json\/wp\/v2\/posts\/187888\/revisions"}],"wp:featuredmedia":[{"embeddable":true,"href":"https:\/\/www.europesays.com\/pt\/wp-json\/wp\/v2\/media\/187848"}],"wp:attachment":[{"href":"https:\/\/www.europesays.com\/pt\/wp-json\/wp\/v2\/media?parent=187888"}],"wp:term":[{"taxonomy":"category","embeddable":true,"href":"https:\/\/www.europesays.com\/pt\/wp-json\/wp\/v2\/categories?post=187888"},{"taxonomy":"post_tag","embeddable":true,"href":"https:\/\/www.europesays.com\/pt\/wp-json\/wp\/v2\/tags?post=187888"}],"curies":[{"name":"wp","href":"https:\/\/api.w.org\/{rel}","templated":true}]}}