{"id":187892,"date":"2025-12-14T14:05:17","date_gmt":"2025-12-14T14:05:17","guid":{"rendered":"https:\/\/www.europesays.com\/pt\/187892\/"},"modified":"2025-12-14T14:05:17","modified_gmt":"2025-12-14T14:05:17","slug":"casa-de-madeira-no-douro-vence-premio-de-arquitectura-veja-as-imagens","status":"publish","type":"post","link":"https:\/\/www.europesays.com\/pt\/187892\/","title":{"rendered":"Casa de madeira no Douro vence pr\u00e9mio de arquitectura. Veja as imagens"},"content":{"rendered":"<p>Localizada no vale do rio Douro, em Bai\u00e3o, a Wood House \u00e9 uma resid\u00eancia modular feita de madeira, pensada de acordo com os princ\u00edpios da chamada arquitectura verde. E foi uma das obras vencedoras dos pr\u00e9mios Archello, que todos os anos reconhecem as melhores ideias nos sectores da arquitectura e design. Este verdadeiro ref\u00fagio venceu na categoria <strong>Jury Winner &#8211; House of the Year (Rural) &#8211; Small<\/strong>.<\/p>\n<p><img decoding=\"async\" id=\"19dd492e-429a-259d-a402-382b63f1ad8c\" class=\"photo lazy inline\" loading=\"lazy\" data-component=\"lazy-embed\" src=\"https:\/\/www.europesays.com\/pt\/wp-content\/uploads\/2025\/12\/1765721110_336_image.webp.webp\" alt=\"Douro Wood House\" data-caption=\"Douro Wood House\" data-credit=\"\u00a9MJARC Arquitectos\" data-width-class=\"\" data-image-id=\"106350865\"\/>&#13;<br \/>\n\u00a9MJARC ArquitectosDouro Wood House&#13;<\/p>\n<p>Totalmente integrada na paisagem, sem ferir o patrim\u00f3nio natural da regi\u00e3o, a Wood House \u00e9 um projecto da autoria dos arquitectos Maria Jo\u00e3o Andrade (que em 2021 recebeu o pr\u00e9mio 40 Under 40, pela sua consci\u00eancia ambiental) e Ricardo Cordeiro, s\u00f3cios-fundadores da MJARC Arquitectos.<\/p>\n<p><img decoding=\"async\" id=\"b91724f5-61d5-94f9-265e-5190af32c561\" class=\"photo lazy inline\" loading=\"lazy\" data-component=\"lazy-embed\" src=\"https:\/\/www.europesays.com\/pt\/wp-content\/uploads\/2025\/12\/1765721113_737_image.webp.webp\" alt=\"Douro Wood House\" data-caption=\"Douro Wood House\" data-credit=\"\u00a9MJARC Arquitectos\" data-width-class=\"\" data-image-id=\"106350866\"\/>&#13;<br \/>\n\u00a9MJARC ArquitectosDouro Wood House&#13;<\/p>\n<p>Na descri\u00e7\u00e3o do projecto, dispon\u00edvel no <a href=\"https:\/\/mjarc.com\/projetos-arquitetura\/wood-house-projeto\/\" target=\"_blank\" rel=\"noopener nofollow\">site do atelier<\/a>, l\u00ea-se que &#8220;a escolha de uma estrutura em madeira proveniente de florestas certificadas e geridas de forma sustent\u00e1vel foi central, promovendo uma constru\u00e7\u00e3o de baixo impacto ambiental e reduzida pegada de carbono&#8221; e que a &#8220;inclus\u00e3o de aberturas na cobertura permitiu a preserva\u00e7\u00e3o integral das \u00e1rvores existentes no terreno, refor\u00e7ando o respeito pelo ecossistema local&#8221;.<\/p>\n<p><img decoding=\"async\" id=\"f0b11b26-55a5-4d1f-e465-4564f5e8ae79\" class=\"photo lazy inline\" loading=\"lazy\" data-component=\"lazy-embed\" src=\"https:\/\/www.europesays.com\/pt\/wp-content\/uploads\/2025\/12\/1765721115_408_image.webp.webp\" alt=\"Douro Wood House\" data-caption=\"Douro Wood House\" data-credit=\"\u00a9MJARC Arquitectos\" data-width-class=\"\" data-image-id=\"106350867\"\/>&#13;<br \/>\n\u00a9MJARC ArquitectosDouro Wood House&#13;<\/p>\n<p>A estrutura est\u00e1 suspensa, n\u00e3o tendo sido necess\u00e1rio recorrer a escava\u00e7\u00f5es, e a cobertura \u00e9 ajardinada com esp\u00e9cies aut\u00f3ctones, refor\u00e7ando n\u00e3o s\u00f3 a efici\u00eancia, mas tamb\u00e9m permitindo que funcione como uma &#8220;extens\u00e3o natural do terreno&#8221;.<\/p>\n<p><img decoding=\"async\" id=\"697c13bc-b20b-1dee-0fc8-c251716f2d78\" class=\"photo lazy inline\" loading=\"lazy\" data-component=\"lazy-embed\" src=\"https:\/\/www.europesays.com\/pt\/wp-content\/uploads\/2025\/12\/1765721117_792_image.webp.webp\" alt=\"Douro Wood House\" data-caption=\"Douro Wood House\" data-credit=\"\u00a9MJARC Arquitectos\" data-width-class=\"\" data-image-id=\"106350863\"\/>&#13;<br \/>\n\u00a9MJARC ArquitectosDouro Wood House&#13;<\/p>\n<p>O pr\u00e9mio agora recebido junta-se a outras distin\u00e7\u00f5es, como o LOOP Design Award 2025 e o Pr\u00e9mio CONSTRUIR 2025 na categoria de Sustentabilidade.<\/p>\n<p><strong><a href=\"https:\/\/www.timeout.pt\/porto\/pt\/noticias\/grupo-frances-compra-hotel-infante-sagres-que-sera-totalmente-redesenhado-120425\" rel=\"nofollow noopener\" target=\"_blank\">+ Grupo franc\u00eas compra Hotel Infante Sagres, que ser\u00e1 &#8220;totalmente redesenhado&#8221;<\/a><\/strong><\/p>\n<p><strong><a href=\"https:\/\/www.timeout.pt\/porto\/pt\/noticias\/apos-a-demolicao-nasceu-um-jardim-no-antigo-mercado-sao-sebastiao-112425\" rel=\"nofollow noopener\" target=\"_blank\">+ Ap\u00f3s a demoli\u00e7\u00e3o, nasceu um jardim no antigo Mercado S\u00e3o Sebasti\u00e3o<\/a><\/strong><\/p>\n","protected":false},"excerpt":{"rendered":"Localizada no vale do rio Douro, em Bai\u00e3o, a Wood House \u00e9 uma resid\u00eancia modular feita de madeira,&hellip;\n","protected":false},"author":2,"featured_media":187893,"comment_status":"","ping_status":"","sticky":false,"template":"","format":"standard","meta":{"footnotes":""},"categories":[144],"tags":[207,205,206,203,201,202,1840,1839,204,114,115,1841,32,33],"class_list":{"0":"post-187892","1":"post","2":"type-post","3":"status-publish","4":"format-standard","5":"has-post-thumbnail","7":"category-arte-e-design","8":"tag-arte","9":"tag-arte-e-design","10":"tag-artedesign","11":"tag-arts","12":"tag-arts-and-design","13":"tag-artsanddesign","14":"tag-categorias-coisas-para-fazer","15":"tag-coisas-para-fazer","16":"tag-design","17":"tag-entertainment","18":"tag-entretenimento","19":"tag-noticias-vida-urbana","20":"tag-portugal","21":"tag-pt"},"share_on_mastodon":{"url":"https:\/\/pubeurope.com\/@pt\/115718306434407144","error":""},"_links":{"self":[{"href":"https:\/\/www.europesays.com\/pt\/wp-json\/wp\/v2\/posts\/187892","targetHints":{"allow":["GET"]}}],"collection":[{"href":"https:\/\/www.europesays.com\/pt\/wp-json\/wp\/v2\/posts"}],"about":[{"href":"https:\/\/www.europesays.com\/pt\/wp-json\/wp\/v2\/types\/post"}],"author":[{"embeddable":true,"href":"https:\/\/www.europesays.com\/pt\/wp-json\/wp\/v2\/users\/2"}],"replies":[{"embeddable":true,"href":"https:\/\/www.europesays.com\/pt\/wp-json\/wp\/v2\/comments?post=187892"}],"version-history":[{"count":0,"href":"https:\/\/www.europesays.com\/pt\/wp-json\/wp\/v2\/posts\/187892\/revisions"}],"wp:featuredmedia":[{"embeddable":true,"href":"https:\/\/www.europesays.com\/pt\/wp-json\/wp\/v2\/media\/187893"}],"wp:attachment":[{"href":"https:\/\/www.europesays.com\/pt\/wp-json\/wp\/v2\/media?parent=187892"}],"wp:term":[{"taxonomy":"category","embeddable":true,"href":"https:\/\/www.europesays.com\/pt\/wp-json\/wp\/v2\/categories?post=187892"},{"taxonomy":"post_tag","embeddable":true,"href":"https:\/\/www.europesays.com\/pt\/wp-json\/wp\/v2\/tags?post=187892"}],"curies":[{"name":"wp","href":"https:\/\/api.w.org\/{rel}","templated":true}]}}