{"id":18790,"date":"2025-08-06T19:21:08","date_gmt":"2025-08-06T19:21:08","guid":{"rendered":"https:\/\/www.europesays.com\/pt\/18790\/"},"modified":"2025-08-06T19:21:08","modified_gmt":"2025-08-06T19:21:08","slug":"5-dicas-para-consumir-barrinhas-proteicas-com-equilibrio","status":"publish","type":"post","link":"https:\/\/www.europesays.com\/pt\/18790\/","title":{"rendered":"5 dicas para consumir barrinhas proteicas com equil\u00edbrio"},"content":{"rendered":"<p>As barrinhas proteicas t\u00eam se popularizado no universo fitness como uma solu\u00e7\u00e3o pr\u00e1tica para quem busca mais conveni\u00eancia na alimenta\u00e7\u00e3o sem abrir m\u00e3o da nutri\u00e7\u00e3o. Com promessas de alto teor de prote\u00ednas, saciedade e suporte \u00e0 recupera\u00e7\u00e3o muscular, elas conquistaram espa\u00e7o na rotina de quem treina ou simplesmente quer um lanche mais equilibrado.<\/p>\n<p>Continua depois da publicidade<\/p>\n<p>Esse crescimento tamb\u00e9m \u00e9 percept\u00edvel no mercado. Segundo a Global Growth Insights, o setor global de snacks com alto teor de prote\u00edna foi estimado em US$ 1,42 bilh\u00e3o em 2024, com proje\u00e7\u00e3o de chegar a US$ 1,51 bilh\u00e3o em 2025, crescendo a uma m\u00e9dia de 6,5% ao ano at\u00e9 2033.<\/p>\n<p>As barrinhas proteicas podem ser aliadas quando escolhidas com consci\u00eancia. \u201cQuando inclu\u00eddas de forma inteligente no plano nutricional, essas op\u00e7\u00f5es ajudam a manter a saciedade entre as principais refei\u00e7\u00f5es, especialmente para quem tem uma rotina agitada e precisa evitar longos per\u00edodos sem comer\u201d, explica a Dra. Sylvia Ramuth, diretora t\u00e9cnica do Emagrecentro, rede de franquia de emagrecimento.<\/p>\n<p>A seguir, a m\u00e9dica lista dicas para consumir as barrinhas proteicas com equil\u00edbrio. Confira!<\/p>\n<p>Continua depois da publicidade<\/p>\n<p>Nem toda barra desse tipo \u00e9 realmente <strong><a href=\"https:\/\/portaledicase.com\/10-dicas-para-fazer-dietas-sem-prejudicar-a-saude\/\" target=\"_blank\" rel=\"noreferrer noopener nofollow\">nutritiva<\/a><\/strong>. \u201cAlgumas t\u00eam mais a\u00e7\u00facar do que prote\u00edna ou s\u00e3o carregadas de aditivos artificiais. D\u00ea prefer\u00eancia \u00e0s alternativas com baixo teor de a\u00e7\u00facares, boa concentra\u00e7\u00e3o de prote\u00ednas, sem gl\u00faten e livres de conservantes ou corantes\u201d, orienta a Dra. Sylvia Ramuth.<\/p>\n<p>2. Use como apoio, n\u00e3o como substituto de pratos completos<\/p>\n<p>N\u00e3o substitua as refei\u00e7\u00f5es completas por barrinhas de prote\u00edna. \u201cConsuma entre as refei\u00e7\u00f5es principais, como no meio da manh\u00e3 ou da tarde. No entanto, n\u00e3o devem substituir o almo\u00e7o ou jantar, pois n\u00e3o oferecem todos os nutrientes necess\u00e1rios para uma alimenta\u00e7\u00e3o completa\u201d, relata a m\u00e9dica.<\/p>\n<p><img loading=\"lazy\" decoding=\"async\" class=\"attachment-full size-full\" src=\"https:\/\/www.europesays.com\/pt\/wp-content\/uploads\/2025\/08\/barrinhadecereal-1024x683-1.jpg\" alt=\"Uma m\u00c3\u00a3o segurando uma barrinha de cereal com a embalagem aberta em fundo rosa\" width=\"1024\" height=\"683\"\/>Sempre verifique na embalagem a quantidade de calorias da barrinha (Imagem: FotoDuets | Shutterstock)3. Aten\u00e7\u00e3o ao valor cal\u00f3rico<\/p>\n<p>Verifique na embalagem a quantidade de calorias. \u201cMesmo quando parecem leves, algumas varia\u00e7\u00f5es podem ultrapassar 200 kcal e conter gorduras saturadas. O ideal \u00e9 buscar tipos com at\u00e9 150 calorias, pouco s\u00f3dio e perfil <strong><a href=\"https:\/\/portaledicase.com\/beneficios-de-consumir-proteina-de-origem-vegetal\/\" target=\"_blank\" rel=\"noreferrer noopener nofollow\">equilibrado<\/a><\/strong>\u201d, explica a Dra. Sylvia Ramuth.<\/p>\n<p>Continua depois da publicidade<\/p>\n<p>4. Fuja das promessas exageradas<\/p>\n<p>A inclus\u00e3o das barrinhas proteicas na dieta traz benef\u00edcios, mas \u00e9 preciso ter cuidado com promessas exageradas. \u201cDesconfie de termos como \u2018zero culpa\u2019, \u2018milagrosa\u2019 ou \u2018queima gordura\u2019 nos r\u00f3tulos, ou na propaganda. O consumo deve ser baseado em informa\u00e7\u00e3o confi\u00e1vel e orienta\u00e7\u00e3o profissional, n\u00e3o em modismos da internet\u201d, alerta.<\/p>\n<p>5. Escolha o melhor momento e sabores mais naturais<\/p>\n<p>Essas op\u00e7\u00f5es s\u00e3o mais indicadas como lanches intermedi\u00e1rios ou para o <strong><a href=\"https:\/\/portaledicase.com\/veja-o-que-comer-no-pre-e-pos-treino\/\" target=\"_blank\" rel=\"noreferrer noopener nofollow\">p\u00f3s-treino<\/a><\/strong>, quando o corpo precisa de nutrientes para recupera\u00e7\u00e3o. \u201cPrefira combina\u00e7\u00f5es como banana com aveia, cacau, castanhas com frutas secas ou baunilha com am\u00eandoas, que unem ingredientes funcionais e saborosos. Evite aquelas com cobertura a\u00e7ucarada, chocolate ao leite ou recheios artificiais\u201d, finaliza a profissional.<\/p>\n<p>Por Islany Oliveira<\/p>\n","protected":false},"excerpt":{"rendered":"As barrinhas proteicas t\u00eam se popularizado no universo fitness como uma solu\u00e7\u00e3o pr\u00e1tica para quem busca mais conveni\u00eancia&hellip;\n","protected":false},"author":2,"featured_media":18791,"comment_status":"","ping_status":"","sticky":false,"template":"","format":"standard","meta":{"footnotes":""},"categories":[86],"tags":[4913,116,32,33,117],"class_list":{"0":"post-18790","1":"post","2":"type-post","3":"status-publish","4":"format-standard","5":"has-post-thumbnail","7":"category-saude","8":"tag-edicase","9":"tag-health","10":"tag-portugal","11":"tag-pt","12":"tag-saude"},"share_on_mastodon":{"url":"","error":""},"_links":{"self":[{"href":"https:\/\/www.europesays.com\/pt\/wp-json\/wp\/v2\/posts\/18790","targetHints":{"allow":["GET"]}}],"collection":[{"href":"https:\/\/www.europesays.com\/pt\/wp-json\/wp\/v2\/posts"}],"about":[{"href":"https:\/\/www.europesays.com\/pt\/wp-json\/wp\/v2\/types\/post"}],"author":[{"embeddable":true,"href":"https:\/\/www.europesays.com\/pt\/wp-json\/wp\/v2\/users\/2"}],"replies":[{"embeddable":true,"href":"https:\/\/www.europesays.com\/pt\/wp-json\/wp\/v2\/comments?post=18790"}],"version-history":[{"count":0,"href":"https:\/\/www.europesays.com\/pt\/wp-json\/wp\/v2\/posts\/18790\/revisions"}],"wp:featuredmedia":[{"embeddable":true,"href":"https:\/\/www.europesays.com\/pt\/wp-json\/wp\/v2\/media\/18791"}],"wp:attachment":[{"href":"https:\/\/www.europesays.com\/pt\/wp-json\/wp\/v2\/media?parent=18790"}],"wp:term":[{"taxonomy":"category","embeddable":true,"href":"https:\/\/www.europesays.com\/pt\/wp-json\/wp\/v2\/categories?post=18790"},{"taxonomy":"post_tag","embeddable":true,"href":"https:\/\/www.europesays.com\/pt\/wp-json\/wp\/v2\/tags?post=18790"}],"curies":[{"name":"wp","href":"https:\/\/api.w.org\/{rel}","templated":true}]}}