{"id":187921,"date":"2025-12-14T14:50:16","date_gmt":"2025-12-14T14:50:16","guid":{"rendered":"https:\/\/www.europesays.com\/pt\/187921\/"},"modified":"2025-12-14T14:50:16","modified_gmt":"2025-12-14T14:50:16","slug":"roberto-carlos-e-levado-ao-hospital-apos-acidente-no-rs","status":"publish","type":"post","link":"https:\/\/www.europesays.com\/pt\/187921\/","title":{"rendered":"Roberto Carlos \u00e9 levado ao hospital ap\u00f3s acidente no RS"},"content":{"rendered":"<p>  <img class=\"content-first-image wp-image-2747843 size-large\" loading=\"eager\" decoding=\"sync\" fetchpriority=\"high\" src=\"https:\/\/www.europesays.com\/pt\/wp-content\/uploads\/2025\/12\/roberto-carlos-e-levado-ao-hospital-apos-acidente-no-rs-1300x975.jpg\" alt=\"Roberto Carlos \u00e9 levado ao hospital ap\u00f3s acidente no RS\" width=\"1286\" height=\"965\"  \/>Roberto Carlos \u00e9 levado ao hospital ap\u00f3s acidente no RSFoto: Divulga\u00e7\u00e3o\/Redes Sociais\/ND Mais<\/p>\n<p>O cantor Roberto Carlos foi levado ao hospital ap\u00f3s um acidente de carro em Gramado, o <a href=\"https:\/\/ndmais.com.br\/tag\/rio-grande-do-sul\/\" rel=\"nofollow noopener\" target=\"_blank\">Rio Grande do Sul<\/a>, na madrugada deste domingo (14).<\/p>\n<p>O acidente aconteceu durante as grava\u00e7\u00f5es de um especial de fim de ano. O carro conduzido pelo artista, um Cadillac, acabou atingindo outros tr\u00eas ve\u00edculos da equipe.<\/p>\n<p>Roberto Carlos e outras tr\u00eas pessoas de sua equipe foram levados ao hospital Arcanjo S\u00e3o Miguel, em Gramado, atendidos para exames e liberados.<\/p>\n<p><a class=\"cta-discover d-flex justify-content-between align-items-center w-100\" target=\"_blank\" rel=\"nofollow noopner noopener\" href=\"https:\/\/profile.google.com\/cp\/Cg0vZy8xMXZ5cjY4NHho\">   Fa\u00e7a como milh\u00f5es de leitores informados: siga o ND Mais no Google.  Seguir<\/a> <\/p>\n<p><strong>*Not\u00edcia em atualiza\u00e7\u00e3o<\/strong><\/p>\n","protected":false},"excerpt":{"rendered":"Roberto Carlos \u00e9 levado ao hospital ap\u00f3s acidente no RSFoto: Divulga\u00e7\u00e3o\/Redes Sociais\/ND Mais O cantor Roberto Carlos foi&hellip;\n","protected":false},"author":2,"featured_media":187922,"comment_status":"","ping_status":"","sticky":false,"template":"","format":"standard","meta":{"footnotes":""},"categories":[145],"tags":[211,210,114,115,980,7886,1968,32,33,3800,3976,24031],"class_list":{"0":"post-187921","1":"post","2":"type-post","3":"status-publish","4":"format-standard","5":"has-post-thumbnail","7":"category-celebridades","8":"tag-celebridades","9":"tag-celebrities","10":"tag-entertainment","11":"tag-entretenimento","12":"tag-famosos","13":"tag-nacional-hard-news","14":"tag-notcia","15":"tag-portugal","16":"tag-pt","17":"tag-rio-grande-do-sul","18":"tag-roberto-carlos","19":"tag-trnsito"},"share_on_mastodon":{"url":"https:\/\/pubeurope.com\/@pt\/115718483281998189","error":""},"_links":{"self":[{"href":"https:\/\/www.europesays.com\/pt\/wp-json\/wp\/v2\/posts\/187921","targetHints":{"allow":["GET"]}}],"collection":[{"href":"https:\/\/www.europesays.com\/pt\/wp-json\/wp\/v2\/posts"}],"about":[{"href":"https:\/\/www.europesays.com\/pt\/wp-json\/wp\/v2\/types\/post"}],"author":[{"embeddable":true,"href":"https:\/\/www.europesays.com\/pt\/wp-json\/wp\/v2\/users\/2"}],"replies":[{"embeddable":true,"href":"https:\/\/www.europesays.com\/pt\/wp-json\/wp\/v2\/comments?post=187921"}],"version-history":[{"count":0,"href":"https:\/\/www.europesays.com\/pt\/wp-json\/wp\/v2\/posts\/187921\/revisions"}],"wp:featuredmedia":[{"embeddable":true,"href":"https:\/\/www.europesays.com\/pt\/wp-json\/wp\/v2\/media\/187922"}],"wp:attachment":[{"href":"https:\/\/www.europesays.com\/pt\/wp-json\/wp\/v2\/media?parent=187921"}],"wp:term":[{"taxonomy":"category","embeddable":true,"href":"https:\/\/www.europesays.com\/pt\/wp-json\/wp\/v2\/categories?post=187921"},{"taxonomy":"post_tag","embeddable":true,"href":"https:\/\/www.europesays.com\/pt\/wp-json\/wp\/v2\/tags?post=187921"}],"curies":[{"name":"wp","href":"https:\/\/api.w.org\/{rel}","templated":true}]}}