{"id":187951,"date":"2025-12-14T15:16:21","date_gmt":"2025-12-14T15:16:21","guid":{"rendered":"https:\/\/www.europesays.com\/pt\/187951\/"},"modified":"2025-12-14T15:16:21","modified_gmt":"2025-12-14T15:16:21","slug":"criminalidade-e-rendimento-pesam-mais-na-votacao-do-chega","status":"publish","type":"post","link":"https:\/\/www.europesays.com\/pt\/187951\/","title":{"rendered":"Criminalidade e rendimento pesam mais na vota\u00e7\u00e3o do Chega"},"content":{"rendered":"<p data-remotead-prev-elm=\"true\" data-remotead-elm-id=\"inread\">O refor\u00e7o do Chega nos \u00faltimos anos est\u00e1 mais relacionado com o aumento da criminalidade, a perda de rendimentos e a redu\u00e7\u00e3o da absten\u00e7\u00e3o, segundo um estudo que contraria a tese de que a ascens\u00e3o do partido \u00e9 uma consequ\u00eancia da imigra\u00e7\u00e3o.<\/p>\n<p>Jo\u00e3o Carvalho, investigador do Iscte-Instituto Universit\u00e1rio de Lisboa, e Didier Ruedin, das universidades de Neuch\u00e2tel (Su\u00ed\u00e7a) e Witwatersrand (\u00c1frica do Sul), analisaram as mudan\u00e7as no apoio ao Chega em cada concelho do pa\u00eds, entre 2019 e 2025.<\/p>\n","protected":false},"excerpt":{"rendered":"O refor\u00e7o do Chega nos \u00faltimos anos est\u00e1 mais relacionado com o aumento da criminalidade, a perda de&hellip;\n","protected":false},"author":2,"featured_media":187952,"comment_status":"","ping_status":"","sticky":false,"template":"","format":"standard","meta":{"footnotes":""},"categories":[10],"tags":[3386,27,28,1736,8752,2258,15,16,14,18931,25,26,21,22,619,12,13,19,20,32,23,24,33,38064,17,18,29,30,31],"class_list":{"0":"post-187951","1":"post","2":"type-post","3":"status-publish","4":"format-standard","5":"has-post-thumbnail","7":"category-portugal","8":"tag-andre-ventura","9":"tag-breaking-news","10":"tag-breakingnews","11":"tag-chega","12":"tag-criminalidade","13":"tag-eleicoes","14":"tag-featured-news","15":"tag-featurednews","16":"tag-headlines","17":"tag-iscte","18":"tag-latest-news","19":"tag-latestnews","20":"tag-main-news","21":"tag-mainnews","22":"tag-nacional","23":"tag-news","24":"tag-noticias","25":"tag-noticias-principais","26":"tag-noticiasprincipais","27":"tag-portugal","28":"tag-principais-noticias","29":"tag-principaisnoticias","30":"tag-pt","31":"tag-rendimentos","32":"tag-top-stories","33":"tag-topstories","34":"tag-ultimas","35":"tag-ultimas-noticias","36":"tag-ultimasnoticias"},"share_on_mastodon":{"url":"https:\/\/pubeurope.com\/@pt\/115718585296613717","error":""},"_links":{"self":[{"href":"https:\/\/www.europesays.com\/pt\/wp-json\/wp\/v2\/posts\/187951","targetHints":{"allow":["GET"]}}],"collection":[{"href":"https:\/\/www.europesays.com\/pt\/wp-json\/wp\/v2\/posts"}],"about":[{"href":"https:\/\/www.europesays.com\/pt\/wp-json\/wp\/v2\/types\/post"}],"author":[{"embeddable":true,"href":"https:\/\/www.europesays.com\/pt\/wp-json\/wp\/v2\/users\/2"}],"replies":[{"embeddable":true,"href":"https:\/\/www.europesays.com\/pt\/wp-json\/wp\/v2\/comments?post=187951"}],"version-history":[{"count":0,"href":"https:\/\/www.europesays.com\/pt\/wp-json\/wp\/v2\/posts\/187951\/revisions"}],"wp:featuredmedia":[{"embeddable":true,"href":"https:\/\/www.europesays.com\/pt\/wp-json\/wp\/v2\/media\/187952"}],"wp:attachment":[{"href":"https:\/\/www.europesays.com\/pt\/wp-json\/wp\/v2\/media?parent=187951"}],"wp:term":[{"taxonomy":"category","embeddable":true,"href":"https:\/\/www.europesays.com\/pt\/wp-json\/wp\/v2\/categories?post=187951"},{"taxonomy":"post_tag","embeddable":true,"href":"https:\/\/www.europesays.com\/pt\/wp-json\/wp\/v2\/tags?post=187951"}],"curies":[{"name":"wp","href":"https:\/\/api.w.org\/{rel}","templated":true}]}}