{"id":187967,"date":"2025-12-14T15:30:41","date_gmt":"2025-12-14T15:30:41","guid":{"rendered":"https:\/\/www.europesays.com\/pt\/187967\/"},"modified":"2025-12-14T15:30:41","modified_gmt":"2025-12-14T15:30:41","slug":"enche-sacos-numa-loja-de-roupa-em-coimbra-e-sai-escoltada-pela-psp-noticias-de-coimbra","status":"publish","type":"post","link":"https:\/\/www.europesays.com\/pt\/187967\/","title":{"rendered":"Enche sacos numa loja de roupa em Coimbra e sai escoltada pela PSP \u2013 Not\u00edcias de Coimbra"},"content":{"rendered":"<p><strong>Uma mulher foi detida pela Pol\u00edcia de Seguran\u00e7a P\u00fablica (PSP) por furto numa conhecida loja de roupa na tarde desta sexta-feira, 12 de dezembro. <\/strong><\/p>\n<p>Segundo apurou o NDC,  a senhora, acompanhada por mais duas amigas, entrou na loja Zara, no Forum Coimbra, com inten\u00e7\u00f5es bem definidas: sair sem pagar. <\/p>\n<p>No interior da loja, o grupo ter\u00e1 selecionado v\u00e1rias pe\u00e7as de vestu\u00e1rio, num valor total de 180 euros, tentando iludir os sistemas de seguran\u00e7a. No entanto, o plano acabou por falhar. <\/p>\n<p>PUBLICIDADE<\/p>\n<p>\t\t\t\t\t\t<a class=\"publicidade-imagem d-flex justify-content-center\" href=\" https:\/\/www.coimbrashopping.pt\/natal\/?utm_source=NC&amp;utm_medium=site&amp;utm_campaign=NC_Natal#agenda-de-natal\"><br \/>\n\t\t\t\t\t\t  <img loading=\"lazy\" width=\"890\" height=\"400\" decoding=\"async\" src=\"https:\/\/www.europesays.com\/pt\/wp-content\/uploads\/2025\/12\/coimbrashoppping.jpg\" alt=\"publicidade\" class=\"img-fluid\"\/><br \/>\n\t\t\t\t\t\t<\/a><\/p>\n<p>A situa\u00e7\u00e3o foi detetada e a PSP foi chamada ao local. Perante os factos, a mulher acabou por ser detida e saiu da loja algemada, perante o olhar atento e incr\u00e9dulo de quem se encontrava no Forum Coimbra.<\/p>\n<p>O nosso jornal\u00a0j\u00e1 entrou em contacto com a PSP para obter mais esclarecimentos sobre o sucedido, mas at\u00e9 ao momento ainda n\u00e3o foi prestada qualquer informa\u00e7\u00e3o oficial.<\/p>\n<p>PUBLICIDADE<\/p>\n<p>\t\t\t<a class=\"publicidade-imagem d-flex justify-content-center\" href=\"https:\/\/docs.google.com\/forms\/d\/e\/1FAIpQLSeEPqvSxOLn8gl0B2CPgBOPJvVdB93G6VDnJAGXXenwRRyWcQ\/viewform\" rel=\"nofollow noopener\" target=\"_blank\"><br \/>\n\t\t\t  <img loading=\"lazy\" decoding=\"async\" width=\"890\" height=\"324\" src=\"https:\/\/www.europesays.com\/pt\/wp-content\/uploads\/2025\/12\/Mesa-redonda1.jpg\" alt=\"publicidade\" class=\"img-fluid\"\/><br \/>\n\t\t\t<\/a><\/p>\n","protected":false},"excerpt":{"rendered":"Uma mulher foi detida pela Pol\u00edcia de Seguran\u00e7a P\u00fablica (PSP) por furto numa conhecida loja de roupa na&hellip;\n","protected":false},"author":2,"featured_media":187968,"comment_status":"","ping_status":"","sticky":false,"template":"","format":"standard","meta":{"footnotes":""},"categories":[10],"tags":[27,28,15,16,14,25,26,21,22,12,13,19,20,32,23,24,33,17,18,29,30,31],"class_list":{"0":"post-187967","1":"post","2":"type-post","3":"status-publish","4":"format-standard","5":"has-post-thumbnail","7":"category-portugal","8":"tag-breaking-news","9":"tag-breakingnews","10":"tag-featured-news","11":"tag-featurednews","12":"tag-headlines","13":"tag-latest-news","14":"tag-latestnews","15":"tag-main-news","16":"tag-mainnews","17":"tag-news","18":"tag-noticias","19":"tag-noticias-principais","20":"tag-noticiasprincipais","21":"tag-portugal","22":"tag-principais-noticias","23":"tag-principaisnoticias","24":"tag-pt","25":"tag-top-stories","26":"tag-topstories","27":"tag-ultimas","28":"tag-ultimas-noticias","29":"tag-ultimasnoticias"},"share_on_mastodon":{"url":"https:\/\/pubeurope.com\/@pt\/115718641034804098","error":""},"_links":{"self":[{"href":"https:\/\/www.europesays.com\/pt\/wp-json\/wp\/v2\/posts\/187967","targetHints":{"allow":["GET"]}}],"collection":[{"href":"https:\/\/www.europesays.com\/pt\/wp-json\/wp\/v2\/posts"}],"about":[{"href":"https:\/\/www.europesays.com\/pt\/wp-json\/wp\/v2\/types\/post"}],"author":[{"embeddable":true,"href":"https:\/\/www.europesays.com\/pt\/wp-json\/wp\/v2\/users\/2"}],"replies":[{"embeddable":true,"href":"https:\/\/www.europesays.com\/pt\/wp-json\/wp\/v2\/comments?post=187967"}],"version-history":[{"count":0,"href":"https:\/\/www.europesays.com\/pt\/wp-json\/wp\/v2\/posts\/187967\/revisions"}],"wp:featuredmedia":[{"embeddable":true,"href":"https:\/\/www.europesays.com\/pt\/wp-json\/wp\/v2\/media\/187968"}],"wp:attachment":[{"href":"https:\/\/www.europesays.com\/pt\/wp-json\/wp\/v2\/media?parent=187967"}],"wp:term":[{"taxonomy":"category","embeddable":true,"href":"https:\/\/www.europesays.com\/pt\/wp-json\/wp\/v2\/categories?post=187967"},{"taxonomy":"post_tag","embeddable":true,"href":"https:\/\/www.europesays.com\/pt\/wp-json\/wp\/v2\/tags?post=187967"}],"curies":[{"name":"wp","href":"https:\/\/api.w.org\/{rel}","templated":true}]}}