{"id":187990,"date":"2025-12-14T15:55:11","date_gmt":"2025-12-14T15:55:11","guid":{"rendered":"https:\/\/www.europesays.com\/pt\/187990\/"},"modified":"2025-12-14T15:55:11","modified_gmt":"2025-12-14T15:55:11","slug":"ses-alinha-estrategias-para-enfrentamento-das-arboviroses-em-ms-geral","status":"publish","type":"post","link":"https:\/\/www.europesays.com\/pt\/187990\/","title":{"rendered":"SES alinha estrat\u00e9gias para enfrentamento das arboviroses em MS &#8211; Geral"},"content":{"rendered":"<p>Planejamento integrado refor\u00e7a a\u00e7\u00f5es de preven\u00e7\u00e3o, vigil\u00e2ncia e assist\u00eancia diante do per\u00edodo chuvoso<\/p>\n<p>                    <img decoding=\"async\" style=\"--img-width: 730px; --img-height: 480px;\" width=\"730\" height=\"480\" data-fslightbox-src=\"https:\/\/www.europesays.com\/pt\/wp-content\/uploads\/2025\/12\/reuniao-de-alinhamento-de-estrategias-para-enfrentamento-das-arboviroses-fotokamillaratier-1-730x480.jpeg\" onload=\"javascript: !this.dataset.loadedb64 ? (this.dataset.loadedb64 = 1) : (this.dataset.loadedremote = 1)\" class=\"fslightbox\" loading=\"lazy\" data-lazyload=\"\" src=\"https:\/\/www.europesays.com\/pt\/wp-content\/uploads\/2025\/12\/reuniao-de-alinhamento-de-estrategias-para-enfrentamento-das-arboviroses-fotokamillaratier-1-730x480.jpeg\" alt=\"SES alinha estrat\u00e9gias para enfrentamento das arboviroses em MS\"\/>O encontro contou com a participa\u00e7\u00e3o da secret\u00e1ria adjunta de Estado de Sa\u00fade, Crhistinne Maymone, al\u00e9m de t\u00e9cnicos das \u00e1reas de Vigil\u00e2ncia em Sa\u00fade e Aten\u00e7\u00e3o Prim\u00e1ria, e teve como foco a estrutura\u00e7\u00e3o do plano de a\u00e7\u00f5es para 2026.  (Foto: Kamilla Ratier)<\/p>\n<p>Com a chegada do per\u00edodo chuvoso, que favorece a prolifera\u00e7\u00e3o do Aedes aegypti, transmissor da dengue, chikungunya e zika, \u00a0Mato Grosso do Sul intensificou o planejamento para conter a circula\u00e7\u00e3o das arboviroses e reduzir impactos na rede de sa\u00fade. A Secretaria de Estado de Sa\u00fade (SES) realizou, na ter\u00e7a-feira (9), uma reuni\u00e3o estrat\u00e9gica para definir a\u00e7\u00f5es de curto, m\u00e9dio e longo prazo no enfrentamento das doen\u00e7as.<\/p>\n<p>O encontro contou com a participa\u00e7\u00e3o da secret\u00e1ria adjunta de Estado de Sa\u00fade, Crhistinne Maymone, al\u00e9m de t\u00e9cnicos das \u00e1reas de Vigil\u00e2ncia em Sa\u00fade e Aten\u00e7\u00e3o Prim\u00e1ria, e teve como foco a estrutura\u00e7\u00e3o do plano de a\u00e7\u00f5es para 2026. A prioridade est\u00e1 concentrada no primeiro quadrimestre, per\u00edodo historicamente mais cr\u00edtico em raz\u00e3o das condi\u00e7\u00f5es clim\u00e1ticas favor\u00e1veis \u00e0 reprodu\u00e7\u00e3o do mosquito.<\/p>\n<p>\u201cN\u00f3s precisamos avaliar esse cen\u00e1rio agora para planejar, de forma integrada, as a\u00e7\u00f5es para 2026. O primeiro quadrimestre \u00e9 justamente o per\u00edodo em que intensificamos nossas estrat\u00e9gias de enfrentamento e, por isso, \u00e9 fundamental que esse planejamento seja constru\u00eddo em conjunto, com o envolvimento de todas as \u00e1reas e dos munic\u00edpios\u201d, destacou Crhistinne Maymone.<\/p>\n<p>Como resultado da reuni\u00e3o, a SES definiu quatro pilares para nortear o enfrentamento das arboviroses no estado: fortalecimento do controle vetorial; qualifica\u00e7\u00e3o das visitas domiciliares; vigil\u00e2ncia epidemiol\u00f3gica cont\u00ednua, com aten\u00e7\u00e3o especial aos casos silenciosos; e amplia\u00e7\u00e3o da cobertura vacinal. Tamb\u00e9m est\u00e3o previstas oficinas regionais de manejo cl\u00ednico da chikungunya e a aquisi\u00e7\u00e3o de bombas costais motorizadas, destinadas a refor\u00e7ar as a\u00e7\u00f5es de bloqueio nos munic\u00edpios com maior incid\u00eancia.<\/p>\n<p>De forma integrada, a SES programou visitas t\u00e9cnicas a munic\u00edpios priorit\u00e1rios, al\u00e9m de reuni\u00f5es diretas com prefeitos e secret\u00e1rios municipais de sa\u00fade. A proposta \u00e9 alinhar responsabilidades, aprimorar a execu\u00e7\u00e3o das a\u00e7\u00f5es e fortalecer a coopera\u00e7\u00e3o entre Estado e munic\u00edpios. \u201cEsse contato direto \u00e9 fundamental para garantir que as medidas planejadas sejam efetivamente implementadas, com resultados concretos para a popula\u00e7\u00e3o\u201d, ressaltou a superintendente de Vigil\u00e2ncia em Sa\u00fade da SES, Larissa Castilho.<\/p>\n<p><img decoding=\"async\" alt=\"SES alinha estrat\u00e9gias para enfrentamento das arboviroses em MS\" style=\"--img-width: 300px; --img-height: 225px;\" width=\"300\" height=\"225\" data-fslightbox-src=\"https:\/\/www.europesays.com\/pt\/wp-content\/uploads\/2025\/12\/reuniao-de-alinhamento-de-estrategias-para-enfrentamento-das-arboviroses-fotokamillaratier-3-300x225.jpeg\" onload=\"javascript: !this.dataset.loadedb64 ? (this.dataset.loadedb64 = 1) : (this.dataset.loadedremote = 1)\" class=\"fslightbox\" loading=\"lazy\" data-lazyload=\"\" src=\"https:\/\/www.europesays.com\/pt\/wp-content\/uploads\/2025\/12\/reuniao-de-alinhamento-de-estrategias-para-enfrentamento-das-arboviroses-fotokamillaratier-3-300x225.jpeg\"\/>Reuni\u00e3o de alinhamento de estrat\u00e9gias para enfrentamento das arboviroses.<br \/>(Foto: Kamilla Ratier)<\/p>\n<p>Ainda em dezembro, em raz\u00e3o do aumento de casos de chikungunya registrados nos \u00faltimos 14 dias, ser\u00e3o realizadas reuni\u00f5es espec\u00edficas nos munic\u00edpios de Ant\u00f4nio Jo\u00e3o, F\u00e1tima do Sul, Figueir\u00e3o, Bataguassu e Brasil\u00e2ndia, com foco no alinhamento de fluxos e defini\u00e7\u00e3o de a\u00e7\u00f5es estrat\u00e9gicas de controle.<\/p>\n<p><strong>Durante as visitas, os encontros com prefeitos, secret\u00e1rios e equipes t\u00e9cnicas ter\u00e3o como objetivos:<\/strong><\/p>\n<ul>\n<li>Revisar e fortalecer o fluxo de notifica\u00e7\u00e3o e manejo dos casos,<\/li>\n<li>Integrar a\u00e7\u00f5es entre vigil\u00e2ncia epidemiol\u00f3gica, controle de vetores e aten\u00e7\u00e3o \u00e0 sa\u00fade;<\/li>\n<li>Definir medidas imediatas de resposta ao cen\u00e1rio epidemiol\u00f3gico;<\/li>\n<li>Orientar sobre diretrizes estaduais e refor\u00e7ar o monitoramento das a\u00e7\u00f5es executadas.<\/li>\n<\/ul>\n<p>A presen\u00e7a in loco \u00e9 considerada fundamental para garantir a r\u00e1pida organiza\u00e7\u00e3o da resposta, padronizar procedimentos, oferecer apoio t\u00e9cnico \u00e0s gest\u00f5es municipais e reduzir o risco de agravamento da transmiss\u00e3o nos territ\u00f3rios.<\/p>\n<p>Para assegurar o acompanhamento cont\u00ednuo das estrat\u00e9gias, ser\u00e1 elaborado um calend\u00e1rio de monitoramento e reuni\u00f5es presenciais ao longo do primeiro quadrimestre de 2026. A SES refor\u00e7a que o m\u00eas de janeiro \u00e9 decisivo para a intensifica\u00e7\u00e3o das a\u00e7\u00f5es e que iniciar o ano com mobiliza\u00e7\u00e3o antecipada \u00e9 determinante para minimizar o impacto das arboviroses.<\/p>\n<p>Ao final do encontro, a secret\u00e1ria adjunta reafirmou que o enfrentamento das arboviroses depende da atua\u00e7\u00e3o conjunta entre vigil\u00e2ncia, assist\u00eancia, gest\u00e3o e comunidade. \u201cO sucesso das a\u00e7\u00f5es passa pela vigil\u00e2ncia ativa, pela gest\u00e3o integrada e pelo engajamento da popula\u00e7\u00e3o no combate ao mosquito\u201d, concluiu.<\/p>\n<p>\u00a0<\/p>\n","protected":false},"excerpt":{"rendered":"Planejamento integrado refor\u00e7a a\u00e7\u00f5es de preven\u00e7\u00e3o, vigil\u00e2ncia e assist\u00eancia diante do per\u00edodo chuvoso O encontro contou com a&hellip;\n","protected":false},"author":2,"featured_media":187991,"comment_status":"","ping_status":"","sticky":false,"template":"","format":"standard","meta":{"footnotes":""},"categories":[86],"tags":[2837,3272,1889,16649,116,2034,32,1314,33,38068,117],"class_list":{"0":"post-187990","1":"post","2":"type-post","3":"status-publish","4":"format-standard","5":"has-post-thumbnail","7":"category-saude","8":"tag-2837","9":"tag-acoes","10":"tag-arboviroses","11":"tag-enfrentamento","12":"tag-health","13":"tag-municipios","14":"tag-portugal","15":"tag-primeiro","16":"tag-pt","17":"tag-quadrimestre","18":"tag-saude"},"share_on_mastodon":{"url":"https:\/\/pubeurope.com\/@pt\/115718739179188024","error":""},"_links":{"self":[{"href":"https:\/\/www.europesays.com\/pt\/wp-json\/wp\/v2\/posts\/187990","targetHints":{"allow":["GET"]}}],"collection":[{"href":"https:\/\/www.europesays.com\/pt\/wp-json\/wp\/v2\/posts"}],"about":[{"href":"https:\/\/www.europesays.com\/pt\/wp-json\/wp\/v2\/types\/post"}],"author":[{"embeddable":true,"href":"https:\/\/www.europesays.com\/pt\/wp-json\/wp\/v2\/users\/2"}],"replies":[{"embeddable":true,"href":"https:\/\/www.europesays.com\/pt\/wp-json\/wp\/v2\/comments?post=187990"}],"version-history":[{"count":0,"href":"https:\/\/www.europesays.com\/pt\/wp-json\/wp\/v2\/posts\/187990\/revisions"}],"wp:featuredmedia":[{"embeddable":true,"href":"https:\/\/www.europesays.com\/pt\/wp-json\/wp\/v2\/media\/187991"}],"wp:attachment":[{"href":"https:\/\/www.europesays.com\/pt\/wp-json\/wp\/v2\/media?parent=187990"}],"wp:term":[{"taxonomy":"category","embeddable":true,"href":"https:\/\/www.europesays.com\/pt\/wp-json\/wp\/v2\/categories?post=187990"},{"taxonomy":"post_tag","embeddable":true,"href":"https:\/\/www.europesays.com\/pt\/wp-json\/wp\/v2\/tags?post=187990"}],"curies":[{"name":"wp","href":"https:\/\/api.w.org\/{rel}","templated":true}]}}