{"id":187994,"date":"2025-12-14T16:00:16","date_gmt":"2025-12-14T16:00:16","guid":{"rendered":"https:\/\/www.europesays.com\/pt\/187994\/"},"modified":"2025-12-14T16:00:16","modified_gmt":"2025-12-14T16:00:16","slug":"zelensky-pede-resultados-nas-negociacoes-em-berlim-com-enviados-de-trump","status":"publish","type":"post","link":"https:\/\/www.europesays.com\/pt\/187994\/","title":{"rendered":"Zelensky pede resultados nas negocia\u00e7\u00f5es em Berlim com enviados de Trump"},"content":{"rendered":"<p>&#13;<br \/>\n&#8220;Os pr\u00f3ximos dias ser\u00e3o repletos de diplomacia. \u00c9 de vital import\u00e2ncia que ela d\u00ea resultados. Conto com o apoio dos nossos parceiros&#8221;, afirmou numa mensagem nas redes sociais, citada pela ag\u00eancia EFE, na qual agradeceu a &#8220;todos aqueles que est\u00e3o a ajudar&#8221;.&#13;\n<\/p>\n<p>&#13;<br \/>\n&#8220;A Ucr\u00e2nia precisa de uma paz com termos dignos, e estamos dispostos a trabalhar da forma mais construtiva poss\u00edvel&#8221;, acrescentou Zelensky, ap\u00f3s denunciar que a R\u00fassia lan\u00e7ou esta semana mais de 1.500 drones suicidas, quase 900 bombas a\u00e9reas guiadas e 46 m\u00edsseis de diferentes tipos contra o pa\u00eds.&#13;\n<\/p>\n<p>&#13;<br \/>\nO Presidente disse no seu tradicional discurso \u00e0 na\u00e7\u00e3o que est\u00e1 a preparar reuni\u00f5es com os Estados Unidos e os parceiros europeus em Berlim.&#13;\n<\/p>\n<p>&#13;<br \/>\n&#8220;O mais importante \u00e9 que me reunirei com enviados do Presidente Trump e tamb\u00e9m haver\u00e1 encontros com os nossos parceiros europeus, com muitos l\u00edderes, em rela\u00e7\u00e3o a (&#8230;) um acordo pol\u00edtico para p\u00f4r fim \u00e0 guerra&#8221;, indicou.&#13;\n<\/p>\n<p>&#13;<br \/>\nDe acordo com meios de comunica\u00e7\u00e3o norte-americanos como o Axios e o The Wall Street Journal, Trump j\u00e1 enviou para Berlim, neste fim de semana, Steve Witkoff, que negocia o plano de paz com a Ucr\u00e2nia e a R\u00fassia, bem como o seu genro, Jared Kushner, que tamb\u00e9m est\u00e1 envolvido nas conversa\u00e7\u00f5es.&#13;\n<\/p>\n<p>&#13;<br \/>\nAntes de uma cimeira convocada para segunda-feira \u00e0 tarde pelo chanceler alem\u00e3o, Friedrich Merz, com v\u00e1rios l\u00edderes europeus, das institui\u00e7\u00f5es comunit\u00e1rias e da NATO, reunir-se-\u00e3o na capital alem\u00e3 conselheiros de pol\u00edtica externa, entre eles de Washington e Kiev.&#13;\n<\/p>\n<p>&#13;<br \/>\n&#8220;A oportunidade \u00e9 consider\u00e1vel neste momento e \u00e9 relevante para cada uma das nossas cidades, para cada comunidade ucraniana. Estamos a trabalhar para que a paz para a Ucr\u00e2nia seja digna e para garantir, acima de tudo, que a R\u00fassia n\u00e3o volte \u00e0 Ucr\u00e2nia para uma terceira invas\u00e3o&#8221;, afirmou Zelensky, referindo-se ao conflito armado no Donbass, que come\u00e7ou em 2014, e \u00e0 guerra de grande alcance que Moscovo lan\u00e7ou contra o pa\u00eds em fevereiro de 2022.&#13;\n<\/p>\n<p>&#13;<br \/>\nDe acordo com o Axios, a administra\u00e7\u00e3o Trump estaria disposta a dar \u00e0 Ucr\u00e2nia, em troca da cess\u00e3o de territ\u00f3rios \u00e0 R\u00fassia, uma garantia baseada no Artigo 5.\u00ba da NATO de defesa m\u00fatua, que seria aprovada pelo Congresso e teria car\u00e1ter juridicamente vinculativo.&#13;\n<\/p>\n<p>&#13;<br \/>\nSegundo Zelensky, est\u00e3o atualmente a ser negociados tr\u00eas documentos: o plano de paz de 20 pontos que est\u00e1 a ser discutido pelos conselheiros de pol\u00edtica externa e seguran\u00e7a nacional de Kiev, Europa e Washington, as garantias de seguran\u00e7a para a Ucr\u00e2nia que est\u00e3o a ser trabalhadas na Alemanha e quest\u00f5es econ\u00f3micas, reconstru\u00e7\u00e3o e investimentos, que est\u00e3o a ser abordadas nos EUA.&#13;\n<\/p>\n<p>&#13;<br \/>\nO Presidente ucraniano disse na quinta-feira que os EUA querem chegar a um &#8220;entendimento completo&#8221; sobre o plano antes do Natal, mas o Kremlin j\u00e1 disse que n\u00e3o aceita as altera\u00e7\u00f5es introduzidas pela Europa e Kiev no rascunho inicial de 28 pontos de Trump.&#13;\n<\/p>\n<p>&#13;<br \/>\nSegundo Zelensky, as quest\u00f5es-chave ainda n\u00e3o resolvidas no plano de paz t\u00eam a ver com a cess\u00e3o do territ\u00f3rio de Donetsk exigida pela R\u00fassia e o controlo da central nuclear de Zaporijia, a maior da Europa e ocupada pelas tropas russas.&#13;\n<\/p>\n<p>&#13;<br \/>\nO Presidente afirmou que poderia ser realizado um referendo sobre um acordo de paz que inclu\u00edsse a cess\u00e3o de territ\u00f3rio, algo que Washington v\u00ea como um progresso, embora a R\u00fassia continue a insistir que deve controlar todo o territ\u00f3rio da regi\u00e3o de Donbass (Lugansk e Donetsk).\u00a0&#13;<\/p>\n","protected":false},"excerpt":{"rendered":"&#13; &#8220;Os pr\u00f3ximos dias ser\u00e3o repletos de diplomacia. \u00c9 de vital import\u00e2ncia que ela d\u00ea resultados. Conto com&hellip;\n","protected":false},"author":2,"featured_media":187995,"comment_status":"","ping_status":"","sticky":false,"template":"","format":"standard","meta":{"footnotes":""},"categories":[50],"tags":[27,28,38069,15,16,14,25,26,21,22,62,12,13,19,20,23,24,17,18,2183,29,30,31,63,64,65],"class_list":{"0":"post-187994","1":"post","2":"type-post","3":"status-publish","4":"format-standard","5":"has-post-thumbnail","7":"category-mundo","8":"tag-breaking-news","9":"tag-breakingnews","10":"tag-donbass-lugansk","11":"tag-featured-news","12":"tag-featurednews","13":"tag-headlines","14":"tag-latest-news","15":"tag-latestnews","16":"tag-main-news","17":"tag-mainnews","18":"tag-mundo","19":"tag-news","20":"tag-noticias","21":"tag-noticias-principais","22":"tag-noticiasprincipais","23":"tag-principais-noticias","24":"tag-principaisnoticias","25":"tag-top-stories","26":"tag-topstories","27":"tag-trump","28":"tag-ultimas","29":"tag-ultimas-noticias","30":"tag-ultimasnoticias","31":"tag-world","32":"tag-world-news","33":"tag-worldnews"},"share_on_mastodon":{"url":"https:\/\/pubeurope.com\/@pt\/115718758258622533","error":""},"_links":{"self":[{"href":"https:\/\/www.europesays.com\/pt\/wp-json\/wp\/v2\/posts\/187994","targetHints":{"allow":["GET"]}}],"collection":[{"href":"https:\/\/www.europesays.com\/pt\/wp-json\/wp\/v2\/posts"}],"about":[{"href":"https:\/\/www.europesays.com\/pt\/wp-json\/wp\/v2\/types\/post"}],"author":[{"embeddable":true,"href":"https:\/\/www.europesays.com\/pt\/wp-json\/wp\/v2\/users\/2"}],"replies":[{"embeddable":true,"href":"https:\/\/www.europesays.com\/pt\/wp-json\/wp\/v2\/comments?post=187994"}],"version-history":[{"count":0,"href":"https:\/\/www.europesays.com\/pt\/wp-json\/wp\/v2\/posts\/187994\/revisions"}],"wp:featuredmedia":[{"embeddable":true,"href":"https:\/\/www.europesays.com\/pt\/wp-json\/wp\/v2\/media\/187995"}],"wp:attachment":[{"href":"https:\/\/www.europesays.com\/pt\/wp-json\/wp\/v2\/media?parent=187994"}],"wp:term":[{"taxonomy":"category","embeddable":true,"href":"https:\/\/www.europesays.com\/pt\/wp-json\/wp\/v2\/categories?post=187994"},{"taxonomy":"post_tag","embeddable":true,"href":"https:\/\/www.europesays.com\/pt\/wp-json\/wp\/v2\/tags?post=187994"}],"curies":[{"name":"wp","href":"https:\/\/api.w.org\/{rel}","templated":true}]}}