{"id":187996,"date":"2025-12-14T16:02:21","date_gmt":"2025-12-14T16:02:21","guid":{"rendered":"https:\/\/www.europesays.com\/pt\/187996\/"},"modified":"2025-12-14T16:02:21","modified_gmt":"2025-12-14T16:02:21","slug":"samu-abandonou-local-de-acidente-apos-colisao-junto-ao-olival","status":"publish","type":"post","link":"https:\/\/www.europesays.com\/pt\/187996\/","title":{"rendered":"Samu abandonou local de acidente ap\u00f3s colis\u00e3o junto ao Olival"},"content":{"rendered":"<p data-remotead-prev-elm=\"true\" data-remotead-elm-id=\"inread\">O internacional espanhol abandonou o local antes da chegada da GNR de Lever, que foi acionada, acreditando que a situa\u00e7\u00e3o com o outro condutor j\u00e1 se encontrava resolvida. Ao que apuramos, o outro automobilista reconheceu o atleta do F. C. Porto, mas n\u00e3o soube precisar \u00e0s autoridades nem a matr\u00edcula, nem o modelo do carro.<\/p>\n<p>A GNR est\u00e1 a realizar dilig\u00eancias para concluir este processo e o jogador arrisca uma multa.<\/p>\n<p>O JOGO soube, junto de fonte do clube azul branco, que o processo est\u00e1 a ser tratado como um normal acidente de tr\u00e2nsito e que j\u00e1 est\u00e1 entregue \u00e0s seguradoras.<\/p>\n","protected":false},"excerpt":{"rendered":"O internacional espanhol abandonou o local antes da chegada da GNR de Lever, que foi acionada, acreditando que&hellip;\n","protected":false},"author":2,"featured_media":187997,"comment_status":"","ping_status":"","sticky":false,"template":"","format":"standard","meta":{"footnotes":""},"categories":[8],"tags":[59,27,28,19635,135,15,16,14,25,26,21,22,12,13,19,20,32,23,24,33,7930,17,18,29,30,31],"class_list":{"0":"post-187996","1":"post","2":"type-post","3":"status-publish","4":"format-standard","5":"has-post-thumbnail","7":"category-principais-noticias","8":"tag-acidente","9":"tag-breaking-news","10":"tag-breakingnews","11":"tag-concelho-vila-nova-de-gaia","12":"tag-desporto","13":"tag-featured-news","14":"tag-featurednews","15":"tag-headlines","16":"tag-latest-news","17":"tag-latestnews","18":"tag-main-news","19":"tag-mainnews","20":"tag-news","21":"tag-noticias","22":"tag-noticias-principais","23":"tag-noticiasprincipais","24":"tag-portugal","25":"tag-principais-noticias","26":"tag-principaisnoticias","27":"tag-pt","28":"tag-samu","29":"tag-top-stories","30":"tag-topstories","31":"tag-ultimas","32":"tag-ultimas-noticias","33":"tag-ultimasnoticias"},"share_on_mastodon":{"url":"https:\/\/pubeurope.com\/@pt\/115718766293152011","error":""},"_links":{"self":[{"href":"https:\/\/www.europesays.com\/pt\/wp-json\/wp\/v2\/posts\/187996","targetHints":{"allow":["GET"]}}],"collection":[{"href":"https:\/\/www.europesays.com\/pt\/wp-json\/wp\/v2\/posts"}],"about":[{"href":"https:\/\/www.europesays.com\/pt\/wp-json\/wp\/v2\/types\/post"}],"author":[{"embeddable":true,"href":"https:\/\/www.europesays.com\/pt\/wp-json\/wp\/v2\/users\/2"}],"replies":[{"embeddable":true,"href":"https:\/\/www.europesays.com\/pt\/wp-json\/wp\/v2\/comments?post=187996"}],"version-history":[{"count":0,"href":"https:\/\/www.europesays.com\/pt\/wp-json\/wp\/v2\/posts\/187996\/revisions"}],"wp:featuredmedia":[{"embeddable":true,"href":"https:\/\/www.europesays.com\/pt\/wp-json\/wp\/v2\/media\/187997"}],"wp:attachment":[{"href":"https:\/\/www.europesays.com\/pt\/wp-json\/wp\/v2\/media?parent=187996"}],"wp:term":[{"taxonomy":"category","embeddable":true,"href":"https:\/\/www.europesays.com\/pt\/wp-json\/wp\/v2\/categories?post=187996"},{"taxonomy":"post_tag","embeddable":true,"href":"https:\/\/www.europesays.com\/pt\/wp-json\/wp\/v2\/tags?post=187996"}],"curies":[{"name":"wp","href":"https:\/\/api.w.org\/{rel}","templated":true}]}}