{"id":188000,"date":"2025-12-14T16:06:08","date_gmt":"2025-12-14T16:06:08","guid":{"rendered":"https:\/\/www.europesays.com\/pt\/188000\/"},"modified":"2025-12-14T16:06:08","modified_gmt":"2025-12-14T16:06:08","slug":"vem-ai-em-a-protegida-gina-vira-se-contra-nuno-para-defender-goncalo-novelas","status":"publish","type":"post","link":"https:\/\/www.europesays.com\/pt\/188000\/","title":{"rendered":"Vem a\u00ed em \u00abA Protegida\u00bb: Gina vira-se contra Nuno para defender Gon\u00e7alo? &#8211; Novelas"},"content":{"rendered":"<p>Em \u00abA Protegida\u00bb, <a href=\"https:\/\/tvi.iol.pt\/novelas\/videos\/a-protegida-gina-deixa-nuno-frustrado-com-revelacao-inesperada\/6839c1f90cf28cf887680b32\" rel=\"nofollow noopener\" target=\"_blank\">Gina (Paula Neves)<\/a>\u00a0chega a casa e estranha ver Gon\u00e7alo. <a href=\"https:\/\/tvi.iol.pt\/novelas\/videos\/nuno-acusa-gina-de-roubo-de-bebe-apos-telefonema-da-seguranca-social\/68a4a1420cf216cd3ad3a105\" rel=\"nofollow noopener\" target=\"_blank\">Nuno (Tiago Teot\u00f3nio Pereira)<\/a>\u00a0percebe que eles estiveram juntos em casa de Mariana e acha que foi por isso que Gon\u00e7alo mudou de ideias. Nuno conta a Gina que <a href=\"https:\/\/tvi.iol.pt\/novelas\/joao-bettencourt\/catarina-nifo\/vem-ai-a-protegida-goncalo-fica-paralisado-no-chao\" rel=\"nofollow noopener\" target=\"_blank\">Gon\u00e7alo (Jo\u00e3o Bettencourt)<\/a>\u00a0voltou com a palavra atr\u00e1s e quer ficar em Elvas. Gon\u00e7alo defende que todos merecem saber a verdade, inclusive Nuninho. Gina fica sem saber o que fazer.<\/p>\n<p>Nuno relembra Gon\u00e7alo do que combinaram, mas ele est\u00e1 arrependido do que prometeu e quer fazer parte da vida do filho. Gina pensa no que Mariana lhe disse e n\u00e3o acha bem mentir ao filho, nem \u00e9 justo impedir o pai e o filho de estarem juntos. Nuno fica magoado e vai embora. Gon\u00e7alo conforta Gina e agradece-lhe pelo bom senso.<\/p>\n","protected":false},"excerpt":{"rendered":"Em \u00abA Protegida\u00bb, Gina (Paula Neves)\u00a0chega a casa e estranha ver Gon\u00e7alo. Nuno (Tiago Teot\u00f3nio Pereira)\u00a0percebe que eles&hellip;\n","protected":false},"author":2,"featured_media":171789,"comment_status":"","ping_status":"","sticky":false,"template":"","format":"standard","meta":{"footnotes":""},"categories":[142],"tags":[168,160,2557,166,114,115,157,167,3120,7991,1407,164,161,7992,158,1038,3119,165,159,32,33,156,163,151,162],"class_list":{"0":"post-188000","1":"post","2":"type-post","3":"status-publish","4":"format-standard","5":"has-post-thumbnail","7":"category-tv","8":"tag-a-protegida","9":"tag-ana-guiomar","10":"tag-bebe","11":"tag-cristina-ferreira","12":"tag-entertainment","13":"tag-entretenimento","14":"tag-festa-e-festa","15":"tag-ficcao","16":"tag-gina","17":"tag-goncalo","18":"tag-joao-bettencourt","19":"tag-jose-fidalgo","20":"tag-novelas","21":"tag-nuno","22":"tag-para-sempre","23":"tag-paternidade","24":"tag-paula-neves","25":"tag-pedro-sousa","26":"tag-pedro-teixeira","27":"tag-portugal","28":"tag-pt","29":"tag-queridos-papas","30":"tag-tiago-teotonio-pereira","31":"tag-tv","32":"tag-tvi"},"share_on_mastodon":{"url":"https:\/\/pubeurope.com\/@pt\/115718781867013552","error":""},"_links":{"self":[{"href":"https:\/\/www.europesays.com\/pt\/wp-json\/wp\/v2\/posts\/188000","targetHints":{"allow":["GET"]}}],"collection":[{"href":"https:\/\/www.europesays.com\/pt\/wp-json\/wp\/v2\/posts"}],"about":[{"href":"https:\/\/www.europesays.com\/pt\/wp-json\/wp\/v2\/types\/post"}],"author":[{"embeddable":true,"href":"https:\/\/www.europesays.com\/pt\/wp-json\/wp\/v2\/users\/2"}],"replies":[{"embeddable":true,"href":"https:\/\/www.europesays.com\/pt\/wp-json\/wp\/v2\/comments?post=188000"}],"version-history":[{"count":0,"href":"https:\/\/www.europesays.com\/pt\/wp-json\/wp\/v2\/posts\/188000\/revisions"}],"wp:featuredmedia":[{"embeddable":true,"href":"https:\/\/www.europesays.com\/pt\/wp-json\/wp\/v2\/media\/171789"}],"wp:attachment":[{"href":"https:\/\/www.europesays.com\/pt\/wp-json\/wp\/v2\/media?parent=188000"}],"wp:term":[{"taxonomy":"category","embeddable":true,"href":"https:\/\/www.europesays.com\/pt\/wp-json\/wp\/v2\/categories?post=188000"},{"taxonomy":"post_tag","embeddable":true,"href":"https:\/\/www.europesays.com\/pt\/wp-json\/wp\/v2\/tags?post=188000"}],"curies":[{"name":"wp","href":"https:\/\/api.w.org\/{rel}","templated":true}]}}