{"id":188009,"date":"2025-12-14T16:14:14","date_gmt":"2025-12-14T16:14:14","guid":{"rendered":"https:\/\/www.europesays.com\/pt\/188009\/"},"modified":"2025-12-14T16:14:14","modified_gmt":"2025-12-14T16:14:14","slug":"proposta-do-plano-de-paz-preve-adesao-da-ucrania-a-ue-ja-em-2027","status":"publish","type":"post","link":"https:\/\/www.europesays.com\/pt\/188009\/","title":{"rendered":"Proposta do plano de paz prev\u00ea ades\u00e3o da Ucr\u00e2nia \u00e0 UE j\u00e1 em 2027"},"content":{"rendered":"<p>A proposta de paz para a Ucr\u00e2nia prev\u00ea a ades\u00e3o da Ucr\u00e2nia \u00e0 Uni\u00e3o Europeia (UE) j\u00e1 em 2027, de acordo com o que\u00a0<a href=\"https:\/\/www.removepaywall.com\/search?url=https:\/\/www.ft.com\/content\/e50481a3-161c-4002-83e4-cae0be12799e\" target=\"_blank\" rel=\"noopener nofollow\">avan\u00e7a o Financial Times (FT)<\/a>, esta sexta-feira.<\/p>\n<p>O plano em causa \u00e9 uma vers\u00e3o j\u00e1 revista das propostas feitas pela administra\u00e7\u00e3o Trump, depois de Kyiv e os aliados europeus terem considerado que a proposta anterior favorecia a R\u00fassia.<\/p>\n<p>Escreve agora o FT que esta \u00faltima vers\u00e3o surge tamb\u00e9m como um passo para pressionar o presidente da Ucr\u00e2nia, Volodymyr Zelensky, a aceitar um acordo de paz at\u00e9 ao Natal.<\/p>\n<p>Segundo \u00e9 explicado, alguns decisores neste processo que apoiam a entrada da Ucr\u00e2nia no bloco europeu explicam que a Comiss\u00e3o Europeia &#8220;compreende agora&#8221; que opor-se \u00e0 r\u00e1pida ades\u00e3o da Ucr\u00e2nia iria prejudicar o acordo de paz &#8211; n\u00e3o devendo, por isso, opor-se e criar este obst\u00e1culo.<\/p>\n<p>Note-se que Kyiv n\u00e3o concluiu ainda formalmente nenhum dos 30 crit\u00e9rios da UE que estavam em cima da mesa de negocia\u00e7\u00f5es para esta entrada.<\/p>\n<p>                                                    A UE, os crit\u00e9rios e a Hungria<\/p>\n<p>Especialistas contactados explicam ainda ao FT que o plano de paz iria obrigar Bruxelas a repensar todo o processo de alargamento do bloco, incluindo quest\u00f5es como o calend\u00e1rio do acesso a fundos e direito ao voto.<\/p>\n<p>&#8220;H\u00e1 0% de probabilidades de a Ucr\u00e2nia ser um membro completo da UE a 1 de janeiro de 2027&#8221;, explicou o diretor da parte europeia do Grupo Eurosia, Mujtaba Rahman, acrescentando: &#8220;Mas este compromisso pode revitalizar a candidatura da Ucr\u00e2nia \u00e0 UE e pressionar os decisores pol\u00edticos a inovar e a acelerar o processo&#8221;.<\/p>\n<p>Note-se que a &#8216;luz verde&#8217; para um novo membro tem de ser dada pelos 27. O empenho da administra\u00e7\u00e3o Trump nesta proposta poder\u00e1, no entanto, pressionar a Hungria a abandonar o veto para a entrada da Ucr\u00e2nia na UE.<\/p>\n<p>J\u00e1 na quinta-feira, o presidente da Ucr\u00e2nia apontou que o futuro da Ucr\u00e2nia na UE &#8220;depende em larga escala dos europeus&#8221; e n\u00e3o dos EUA.<\/p>\n<p>&#8220;Se chegarmos a um acordo no qual especificamos quando a Ucr\u00e2nia se tornar\u00e1 membro da UE, os norte-americanos, como parte deste acordo, far\u00e3o tudo para que o nosso caminho europeu n\u00e3o seja bloqueado por outros na Europa sobre os quais eles t\u00eam influ\u00eancia&#8221;, acrescentou.<\/p>\n<p>J\u00e1 na ter\u00e7a-feira, Zelensky confirmou que o plano foi dividido em tr\u00eas documentos: um acordo-quadro de 20 pontos, um documento sobre garantias de seguran\u00e7a e outro sobre a reconstru\u00e7\u00e3o da Ucr\u00e2nia ap\u00f3s a guerra.<\/p>\n<p>A proposta inicial dos Estados Unidos inclu\u00eda a ced\u00eancia de territ\u00f3rios ucranianos \u00e0 R\u00fassia que ainda n\u00e3o tinham sido conquistados e que era considerada por Kyiv e pelos seus aliados europeus como particularmente favor\u00e1vel a Moscovo.<\/p>\n<p>[Not\u00edcia atualizada \u00e0s 18h42]<\/p>\n<p>Leia Tamb\u00e9m: <a href=\"https:\/\/www.noticiasaominuto.com\/mundo\/2902653\/kyiv-apresentou-a-mais-recente-versao-do-plano-de-paz-aos-eua\" target=\"_blank\" rel=\"noopener noreferrer nofollow\">Kyiv apresentou a mais recente vers\u00e3o do plano de paz aos EUA<\/a><\/p>\n","protected":false},"excerpt":{"rendered":"A proposta de paz para a Ucr\u00e2nia prev\u00ea a ades\u00e3o da Ucr\u00e2nia \u00e0 Uni\u00e3o Europeia (UE) j\u00e1 em&hellip;\n","protected":false},"author":2,"featured_media":188010,"comment_status":"","ping_status":"","sticky":false,"template":"","format":"standard","meta":{"footnotes":""},"categories":[50],"tags":[27,28,15,16,14,25,26,21,22,62,12,13,19,20,23,24,17,18,29,30,31,63,64,65],"class_list":{"0":"post-188009","1":"post","2":"type-post","3":"status-publish","4":"format-standard","5":"has-post-thumbnail","7":"category-mundo","8":"tag-breaking-news","9":"tag-breakingnews","10":"tag-featured-news","11":"tag-featurednews","12":"tag-headlines","13":"tag-latest-news","14":"tag-latestnews","15":"tag-main-news","16":"tag-mainnews","17":"tag-mundo","18":"tag-news","19":"tag-noticias","20":"tag-noticias-principais","21":"tag-noticiasprincipais","22":"tag-principais-noticias","23":"tag-principaisnoticias","24":"tag-top-stories","25":"tag-topstories","26":"tag-ultimas","27":"tag-ultimas-noticias","28":"tag-ultimasnoticias","29":"tag-world","30":"tag-world-news","31":"tag-worldnews"},"share_on_mastodon":{"url":"https:\/\/pubeurope.com\/@pt\/115718813519284604","error":""},"_links":{"self":[{"href":"https:\/\/www.europesays.com\/pt\/wp-json\/wp\/v2\/posts\/188009","targetHints":{"allow":["GET"]}}],"collection":[{"href":"https:\/\/www.europesays.com\/pt\/wp-json\/wp\/v2\/posts"}],"about":[{"href":"https:\/\/www.europesays.com\/pt\/wp-json\/wp\/v2\/types\/post"}],"author":[{"embeddable":true,"href":"https:\/\/www.europesays.com\/pt\/wp-json\/wp\/v2\/users\/2"}],"replies":[{"embeddable":true,"href":"https:\/\/www.europesays.com\/pt\/wp-json\/wp\/v2\/comments?post=188009"}],"version-history":[{"count":0,"href":"https:\/\/www.europesays.com\/pt\/wp-json\/wp\/v2\/posts\/188009\/revisions"}],"wp:featuredmedia":[{"embeddable":true,"href":"https:\/\/www.europesays.com\/pt\/wp-json\/wp\/v2\/media\/188010"}],"wp:attachment":[{"href":"https:\/\/www.europesays.com\/pt\/wp-json\/wp\/v2\/media?parent=188009"}],"wp:term":[{"taxonomy":"category","embeddable":true,"href":"https:\/\/www.europesays.com\/pt\/wp-json\/wp\/v2\/categories?post=188009"},{"taxonomy":"post_tag","embeddable":true,"href":"https:\/\/www.europesays.com\/pt\/wp-json\/wp\/v2\/tags?post=188009"}],"curies":[{"name":"wp","href":"https:\/\/api.w.org\/{rel}","templated":true}]}}