{"id":188022,"date":"2025-12-14T16:25:07","date_gmt":"2025-12-14T16:25:07","guid":{"rendered":"https:\/\/www.europesays.com\/pt\/188022\/"},"modified":"2025-12-14T16:25:07","modified_gmt":"2025-12-14T16:25:07","slug":"6-sintomas-que-poucos-conhecem-mas-podem-indicar-o-cancer","status":"publish","type":"post","link":"https:\/\/www.europesays.com\/pt\/188022\/","title":{"rendered":"6 sintomas que poucos conhecem, mas podem indicar o c\u00e2ncer"},"content":{"rendered":"\n<p class=\" content-text__container theme-color-primary-first-letter\" data-track-category=\"Link no Texto\" data-track-links=\"\"> Os sintomas de um tumor cerebral s\u00e3o frequentemente confundidos com doen\u00e7as comuns, por isso muitas pessoas ignoram sinais como dores de cabe\u00e7a frequentes, irritabilidade, perda de equil\u00edbrio e coordena\u00e7\u00e3o, entre outros, de acordo com o Grupo Hospitalar Mandaya. <\/p>\n<ul class=\"content-unordered-list\">\n<li><strong>\u2018Nova gera\u00e7\u00e3o do Mounjaro&#8217;: <\/strong><a class=\"\" href=\"https:\/\/oglobo.globo.com\/saude\/noticia\/2025\/12\/12\/retatrutida-nova-geracao-do-mounjaro-leva-a-perda-de-peso-inedita-de-287percent-semelhante-a-da-bariatrica-mostra-estudo.ghtml\" rel=\"nofollow noopener\" target=\"_blank\"><strong>retatrutida leva \u00e0 perda de peso in\u00e9dita de 28,7%, semelhante \u00e0 uma bari\u00e1trica, mostra estudo<\/strong><\/a><\/li>\n<li><strong>Amaciante de roupa: <\/strong><a class=\"\" href=\"https:\/\/oglobo.globo.com\/saude\/noticia\/2025\/12\/13\/amaciante-de-roupa-6-itens-que-nunca-devem-ser-lavados-com-o-produto-segundo-especialistas.ghtml\" rel=\"nofollow noopener\" target=\"_blank\"><strong>6 itens que nunca devem ser lavados com o produto, segundo especialistas<\/strong><\/a><\/li>\n<\/ul>\n<p class=\" content-text__container \" data-track-category=\"Link no Texto\" data-track-links=\"\"> Essa \u00e9 uma das principais raz\u00f5es pelas quais os tumores cerebrais s\u00e3o frequentemente negligenciados e s\u00f3 s\u00e3o detectados durante exames m\u00e9dicos. Portanto, para garantir um tratamento precoce e adequado, \u00e9 crucial conhecer os sinais de alerta. <\/p>\n<p class=\" content-text__container \" data-track-category=\"Link no Texto\" data-track-links=\"\"> As op\u00e7\u00f5es de tratamento para essa doen\u00e7a podem variar, pois dependem do tipo de c\u00e2ncer cerebral que a pessoa tem, bem como de seu tamanho e localiza\u00e7\u00e3o. No entanto, os procedimentos comuns incluem cirurgia e radioterapia. <\/p>\n<p class=\" content-text__container \" data-track-category=\"Link no Texto\" data-track-links=\"\"> Estes s\u00e3o os seis sintomas que podem indicar a presen\u00e7a de um tumor cerebral. <\/p>\n<p class=\" content-text__container \" data-track-category=\"Link no Texto\" data-track-links=\"\"> Este \u00e9 o sinal mais comum e um dos mais negligenciados, mas quando se torna frequente e intenso ao longo do tempo, \u00e9 um sinal de alerta. Al\u00e9m disso, se for frequentemente acompanhado de n\u00e1useas ou v\u00f4mitos, \u00e9 importante consultar um m\u00e9dico, de acordo com o Mandaya Hospital Group. <\/p>\n<p class=\" content-text__container \" data-track-category=\"Link no Texto\" data-track-links=\"\"> &#8220;As dores de cabe\u00e7a causadas por tumores cerebrais costumam piorar ao acordar pela manh\u00e3. No entanto, podem ocorrer a qualquer momento. Algumas pessoas t\u00eam dores de cabe\u00e7a que as despertam durante o sono. As dores de cabe\u00e7a causadas por tumores cerebrais tendem a piorar com a tosse ou atividades extenuantes&#8221;, explica a Cl\u00ednica Mayo. <\/p>\n<ul class=\"content-unordered-list\">\n<li><strong>Celebridades est\u00e3o clonando seus animais de estima\u00e7\u00e3o, <\/strong><a class=\"\" href=\"https:\/\/oglobo.globo.com\/saude\/noticia\/2025\/12\/14\/celebridades-estao-clonando-seus-animais-de-estimacao-mas-funciona-e-bom.ghtml\" rel=\"nofollow noopener\" target=\"_blank\"><strong>mas funciona? \u00c9 bom?<\/strong><\/a><\/li>\n<\/ul>\n<p class=\" content-text__container \" data-track-category=\"Link no Texto\" data-track-links=\"\"> Outros sintomas que muitas vezes passam despercebidos s\u00e3o as altera\u00e7\u00f5es de personalidade, pois podem ser um sinal precoce de c\u00e2ncer cerebral, visto que um em cada tr\u00eas pacientes apresenta essa altera\u00e7\u00e3o, de acordo com a organiza\u00e7\u00e3o &#8216;The Brain Tumour Charity&#8217;. <\/p>\n<p class=\" content-text__container \" data-track-category=\"Link no Texto\" data-track-links=\"\"> Essa doen\u00e7a pode fazer com que as pessoas se irritem com mais facilidade, al\u00e9m de se tornarem agressivas, confusas e at\u00e9 mesmo esquecidas. <\/p>\n<p class=\" content-text__container \" data-track-category=\"Link no Texto\" data-track-links=\"\"> Essas altera\u00e7\u00f5es de personalidade s\u00e3o mais comuns quando o tumor est\u00e1 localizado no lobo frontal, que controla a personalidade e as emo\u00e7\u00f5es, de acordo com o site mencionado anteriormente. <\/p>\n<p>3. Dificuldade em fazer express\u00f5es faciais<\/p>\n<p class=\" content-text__container \" data-track-category=\"Link no Texto\" data-track-links=\"\"> Os tumores cerebrais tamb\u00e9m podem causar danos aos nervos, dificultando que os pacientes fa\u00e7am express\u00f5es faciais, como sorrir, franzir a testa ou mover o rosto normalmente quando algu\u00e9m fala com eles. <\/p>\n<ul class=\"content-unordered-list\">\n<li><strong>O que acontece com seu c\u00e9rebro e seu corpo: <\/strong><a class=\"\" href=\"https:\/\/oglobo.globo.com\/saude\/noticia\/2025\/12\/10\/o-que-acontece-com-seu-cerebro-e-seu-corpo-quando-voce-toma-cafe-sem-acucar.ghtml\" rel=\"nofollow noopener\" target=\"_blank\"><strong>quando voc\u00ea toma caf\u00e9 sem a\u00e7\u00facar<\/strong><\/a><\/li>\n<\/ul>\n<p class=\" content-text__container \" data-track-category=\"Link no Texto\" data-track-links=\"\"> Da mesma forma, a paralisia nervosa pode fazer com que o rosto permane\u00e7a fixo em uma posi\u00e7\u00e3o espec\u00edfica ou causar fraqueza ou queda de um lado. <\/p>\n<p>4. Perda de equil\u00edbrio e coordena\u00e7\u00e3o<\/p>\n<p class=\" content-text__container \" data-track-category=\"Link no Texto\" data-track-links=\"\"> Um tumor cerebral tamb\u00e9m pode causar desequil\u00edbrio devido a dist\u00farbios visuais, problemas sensoriais ou comprometimento cognitivo, fazendo com que as pessoas afetadas tendam a cair com mais frequ\u00eancia, o que afeta sua capacidade de trabalhar e manter uma boa qualidade de vida. <\/p>\n<p>5. Dificuldade de leitura<\/p>\n<p class=\" content-text__container \" data-track-category=\"Link no Texto\" data-track-links=\"\"> Essa doen\u00e7a frequentemente afeta a fun\u00e7\u00e3o cerebral dos pacientes, a ponto de alguns terem dificuldade para ler. <\/p>\n<p class=\" content-text__container \" data-track-category=\"Link no Texto\" data-track-links=\"\"> \u201cAlguns sintomas s\u00e3o verdadeiramente destrutivos, pois as pessoas est\u00e3o totalmente acordadas e podem parecer completamente alertas ou normais. Isso \u00e9 particularmente comum em tumores no mesenc\u00e9falo\u201d, explica o neurocirurgi\u00e3o Donald O\u2019Rourke, da Penn Medicine. <\/p>\n<p>6. Ir ao banheiro com mais frequ\u00eancia<\/p>\n<p class=\" content-text__container \" data-track-category=\"Link no Texto\" data-track-links=\"\"> Segundo a organiza\u00e7\u00e3o beneficente &#8216;The Brain Tumour Charity&#8217;, os tumores cerebrais podem causar altera\u00e7\u00f5es no sistema end\u00f3crino, levando a um aumento da vontade de urinar. <\/p>\n<p class=\" content-text__container \" data-track-category=\"Link no Texto\" data-track-links=\"\"> \u00c9 importante ter em mente que esses sinais nem sempre indicam um tumor cerebral. No entanto, \u00e9 fundamental consultar um m\u00e9dico para um diagn\u00f3stico mais preciso. <\/p>\n","protected":false},"excerpt":{"rendered":"Os sintomas de um tumor cerebral s\u00e3o frequentemente confundidos com doen\u00e7as comuns, por isso muitas pessoas ignoram sinais&hellip;\n","protected":false},"author":2,"featured_media":188023,"comment_status":"","ping_status":"","sticky":false,"template":"","format":"standard","meta":{"footnotes":""},"categories":[86],"tags":[319,116,32,33,117],"class_list":{"0":"post-188022","1":"post","2":"type-post","3":"status-publish","4":"format-standard","5":"has-post-thumbnail","7":"category-saude","8":"tag-hard-news","9":"tag-health","10":"tag-portugal","11":"tag-pt","12":"tag-saude"},"share_on_mastodon":{"url":"https:\/\/pubeurope.com\/@pt\/115718856525771565","error":""},"_links":{"self":[{"href":"https:\/\/www.europesays.com\/pt\/wp-json\/wp\/v2\/posts\/188022","targetHints":{"allow":["GET"]}}],"collection":[{"href":"https:\/\/www.europesays.com\/pt\/wp-json\/wp\/v2\/posts"}],"about":[{"href":"https:\/\/www.europesays.com\/pt\/wp-json\/wp\/v2\/types\/post"}],"author":[{"embeddable":true,"href":"https:\/\/www.europesays.com\/pt\/wp-json\/wp\/v2\/users\/2"}],"replies":[{"embeddable":true,"href":"https:\/\/www.europesays.com\/pt\/wp-json\/wp\/v2\/comments?post=188022"}],"version-history":[{"count":0,"href":"https:\/\/www.europesays.com\/pt\/wp-json\/wp\/v2\/posts\/188022\/revisions"}],"wp:featuredmedia":[{"embeddable":true,"href":"https:\/\/www.europesays.com\/pt\/wp-json\/wp\/v2\/media\/188023"}],"wp:attachment":[{"href":"https:\/\/www.europesays.com\/pt\/wp-json\/wp\/v2\/media?parent=188022"}],"wp:term":[{"taxonomy":"category","embeddable":true,"href":"https:\/\/www.europesays.com\/pt\/wp-json\/wp\/v2\/categories?post=188022"},{"taxonomy":"post_tag","embeddable":true,"href":"https:\/\/www.europesays.com\/pt\/wp-json\/wp\/v2\/tags?post=188022"}],"curies":[{"name":"wp","href":"https:\/\/api.w.org\/{rel}","templated":true}]}}