{"id":188032,"date":"2025-12-14T16:36:37","date_gmt":"2025-12-14T16:36:37","guid":{"rendered":"https:\/\/www.europesays.com\/pt\/188032\/"},"modified":"2025-12-14T16:36:37","modified_gmt":"2025-12-14T16:36:37","slug":"mix-lanca-musica-tema-de-fim-de-ano-com-di-ferrero-lucas-silveira-tico-santa-cruz-e-vitor-kley-radio-mix-fm","status":"publish","type":"post","link":"https:\/\/www.europesays.com\/pt\/188032\/","title":{"rendered":"MIX lan\u00e7a m\u00fasica tema de fim de ano com Di Ferrero, Lucas Silveira, Tico Santa Cruz e Vitor Kley \u2013 R\u00e1dio Mix FM"},"content":{"rendered":"<p><img decoding=\"async\" loading=\"lazy\" width=\"1200\" height=\"450\" src=\"https:\/\/www.europesays.com\/pt\/wp-content\/uploads\/2025\/12\/NOVOTEMPO.jpg\" alt=\"\" class=\"wp-image-578026\"\/>Foto: Reprodu\u00e7\u00e3o \/ R\u00e1dio MIX<\/p>\n<p>O fim do ano est\u00e1 chegando, e como sempre acontece nessa \u00e9poca, a <strong>R\u00e1dio MIX<\/strong> lan\u00e7ou uma m\u00fasica tema de \u201c<strong>Fim de Ano\u201d.<\/strong><\/p>\n<p>A faixa, produzida pela galera da <strong>MIX<\/strong>, se chama \u201c<strong>Um Novo Tempo<\/strong>\u201d, e conta com a participa\u00e7\u00e3o de v\u00e1rios artistas, como: <strong>Di Ferrero, Lucas Silveira, Tico Santa Cruz e Vitor Kley.<\/strong> <\/p>\n<p>O single da <strong>MIX <\/strong>celebra a chegada de <strong>2026<\/strong>, como um novo tempo, de paz e sa\u00fade \u2013 um novo tempo para realizar seus sonhos. <\/p>\n<p><strong>Assista ao clipe:<\/strong><\/p>\n<p><strong>Confira a letra do tema da MIX:<\/strong><\/p>\n<p>Um Novo Tempo<\/p>\n<p>O ano se fecha, as luzes piscam na rua,<br \/>Mem\u00f3rias dan\u00e7am, misturam risos e luta.<br \/>No peito, um eco de tudo que j\u00e1 vivi,<br \/>Mas o futuro me chama, e eu sigo at\u00e9 o fim.<br \/>R\u00e1dio MIX na sintonia, acende a emo\u00e7\u00e3o,<br \/>Cada nota \u00e9 um passo pra nova esta\u00e7\u00e3o.<\/p>\n<p>Dois mil e vinte e seis \u00e9 o nosso momento,<br \/>O melhor, MIX que ecoa no vento!<br \/>Tamo junto, ningu\u00e9m vai nos parar,<br \/>Canta alto, deixa o cora\u00e7\u00e3o voar!<\/p>\n<p>Dezembro sussurra, \u00e9 hora de olhar pra tr\u00e1s,<br \/>O que foi batalha agora vira paz.<br \/>Na contagem regressiva, sinto o tempo girar,<br \/>Um ciclo que acaba, outro pronto pra come\u00e7ar.<br \/>R\u00e1dio MIX \u00e9 o som que levanta a virada,<br \/>Sempre na \u00e1rea, na tua caminhada.<\/p>\n<p>Dois mil e vinte e seis \u00e9 o nosso momento,<br \/>O melhor, MIX que ecoa no vento!<br \/>Tamo junto, ningu\u00e9m vai nos parar,<br \/>Canta alto, deixa o cora\u00e7\u00e3o voar!<\/p>\n<p>E quando o mundo tenta apagar nossa luz,<br \/>A gente ergue a voz, faz o ch\u00e3o estremecer!<br \/>Dois mil e vinte e seis \u00e9 o grito que ningu\u00e9m vai conter,<br \/>No som da virada, vamos juntos vencer!<\/p>\n<p>Dois mil e vinte e seis \u00e9 o nosso momento,<br \/>O melhor MIX que ecoa no vento!<br \/>Tamo junto, ningu\u00e9m vai nos parar,<br \/>Canta alto, deixa o cora\u00e7\u00e3o voar!<\/p>\n<p>Tamo junto, r\u00e1dio Mix!<br \/>Tamo junto, deixa o cora\u00e7\u00e3o voar!<br \/>Tamo junto! r\u00e1dio Mix!<\/p>\n","protected":false},"excerpt":{"rendered":"Foto: Reprodu\u00e7\u00e3o \/ R\u00e1dio MIX O fim do ano est\u00e1 chegando, e como sempre acontece nessa \u00e9poca, a&hellip;\n","protected":false},"author":2,"featured_media":188033,"comment_status":"","ping_status":"","sticky":false,"template":"","format":"standard","meta":{"footnotes":""},"categories":[141],"tags":[7558,17823,114,115,38072,38073,38074,339,38075,149,150,7561,32,33,38076,38077,38078],"class_list":{"0":"post-188032","1":"post","2":"type-post","3":"status-publish","4":"format-standard","5":"has-post-thumbnail","7":"category-musica","8":"tag-ano-novo","9":"tag-di-ferrero","10":"tag-entertainment","11":"tag-entretenimento","12":"tag-fimdeano","13":"tag-lucas-silveira","14":"tag-lucassilveira","15":"tag-mu00fasica","16":"tag-mu00fasica-tema","17":"tag-music","18":"tag-musica","19":"tag-natal","20":"tag-portugal","21":"tag-pt","22":"tag-radiomix","23":"tag-tico-santa-cruz","24":"tag-vitor-kley"},"share_on_mastodon":{"url":"https:\/\/pubeurope.com\/@pt\/115718900134052712","error":""},"_links":{"self":[{"href":"https:\/\/www.europesays.com\/pt\/wp-json\/wp\/v2\/posts\/188032","targetHints":{"allow":["GET"]}}],"collection":[{"href":"https:\/\/www.europesays.com\/pt\/wp-json\/wp\/v2\/posts"}],"about":[{"href":"https:\/\/www.europesays.com\/pt\/wp-json\/wp\/v2\/types\/post"}],"author":[{"embeddable":true,"href":"https:\/\/www.europesays.com\/pt\/wp-json\/wp\/v2\/users\/2"}],"replies":[{"embeddable":true,"href":"https:\/\/www.europesays.com\/pt\/wp-json\/wp\/v2\/comments?post=188032"}],"version-history":[{"count":0,"href":"https:\/\/www.europesays.com\/pt\/wp-json\/wp\/v2\/posts\/188032\/revisions"}],"wp:featuredmedia":[{"embeddable":true,"href":"https:\/\/www.europesays.com\/pt\/wp-json\/wp\/v2\/media\/188033"}],"wp:attachment":[{"href":"https:\/\/www.europesays.com\/pt\/wp-json\/wp\/v2\/media?parent=188032"}],"wp:term":[{"taxonomy":"category","embeddable":true,"href":"https:\/\/www.europesays.com\/pt\/wp-json\/wp\/v2\/categories?post=188032"},{"taxonomy":"post_tag","embeddable":true,"href":"https:\/\/www.europesays.com\/pt\/wp-json\/wp\/v2\/tags?post=188032"}],"curies":[{"name":"wp","href":"https:\/\/api.w.org\/{rel}","templated":true}]}}