{"id":188040,"date":"2025-12-14T16:41:11","date_gmt":"2025-12-14T16:41:11","guid":{"rendered":"https:\/\/www.europesays.com\/pt\/188040\/"},"modified":"2025-12-14T16:41:11","modified_gmt":"2025-12-14T16:41:11","slug":"smartphones-em-2026-podem-ter-menos-ram-e-a-culpa-e-da-ia","status":"publish","type":"post","link":"https:\/\/www.europesays.com\/pt\/188040\/","title":{"rendered":"Smartphones em 2026 podem ter menos RAM e a culpa \u00e9 da IA"},"content":{"rendered":"<p>Os smartphones que chegar\u00e3o ao mercado a partir de 2026 poder\u00e3o ter menos mem\u00f3ria RAM. Isto \u00e9 devido ao aumento dos pre\u00e7os da mem\u00f3ria, impulsionado pela procura da IA e de data centers. Devido \u00e0 crise da RAM, poderemos ver v\u00e1rias mudan\u00e7as nos novos dispositivos que chegar\u00e3o ao mercado a partir do pr\u00f3ximo ano, afetando principalmente os smartphones.<\/p>\n<p><a target=\"_blank\" href=\"https:\/\/pplware.sapo.pt\/wp-content\/uploads\/2024\/08\/smartphones_android_2024.jpg\" onclick=\"refreshIframe()\" class=\"foobox\" rel=\"nofollow noopener\"><img fetchpriority=\"high\" decoding=\"async\" src=\"https:\/\/www.europesays.com\/pt\/wp-content\/uploads\/2025\/12\/smartphones_android_2024-1024x576.jpg\" alt=\"RAM smartphones pre\u00e7o IA\" width=\"720\" height=\"405\" class=\"aligncenter size-large wp-image-1007013\"  \/><\/a>\n<\/p>\n<p>Smartphones em 2026 podem ter menos RAM<\/p>\n<p>Para conter o aumento esperado dos pre\u00e7os dos smartphones lan\u00e7ados em 2026, as principais empresas tecnol\u00f3gicas podem estar a considerar uma alternativa. Manter pre\u00e7os semelhantes aos atuais, mas reduzir a quantidade de RAM nos dispositivos. Esta seria a primeira vez na hist\u00f3ria que os smartphones lan\u00e7ados no mercado teriam um retrocesso nas especifica\u00e7\u00f5es t\u00e9cnicas, oferecendo menos RAM do que os modelos atuais.<\/p>\n<p>Segundo uma <a target=\"_blank\" href=\"https:\/\/blog.naver.com\/yeux1122\/224106838722\" rel=\"nofollow noopener\">fuga de informa\u00e7\u00e3o<\/a>, os fabricantes de smartphones enfrentam um aumento significativo dos custos de mem\u00f3ria. Isso pode lev\u00e1-los a reduzir a quantidade de RAM para se manterem competitivos em termos de pre\u00e7o. Estas afirma\u00e7\u00f5es confirmam um <a target=\"_blank\" href=\"https:\/\/www.trendforce.com\/presscenter\/news\/20251211-12831.html\" rel=\"nofollow noopener\">relat\u00f3rio recente<\/a> da empresa de an\u00e1lise TrendForce, que alerta para um aumento dos pre\u00e7os da mem\u00f3ria RAM durante o primeiro trimestre de 2026.<\/p>\n<p>De acordo com estas previs\u00f5es, os modelos com 16 GB de RAM podem estar perto da extin\u00e7\u00e3o, enquanto os dispositivos com 4 GB apresentar\u00e3o um crescimento significativo. Os telem\u00f3veis mais caros que os modelos atuais podem mesmo chegar ao mercado, apesar de terem menos mem\u00f3ria.<\/p>\n<p><a target=\"_blank\" href=\"https:\/\/pplware.sapo.pt\/wp-content\/uploads\/2023\/10\/vendas_smartphones_3_wem_2023_0.jpg\" onclick=\"refreshIframe()\" class=\"foobox\" rel=\"nofollow noopener\"><img loading=\"lazy\" decoding=\"async\" src=\"https:\/\/www.europesays.com\/pt\/wp-content\/uploads\/2025\/12\/vendas_smartphones_3_wem_2023_0-1024x576.jpg\" alt=\"RAM smartphones pre\u00e7o\" width=\"720\" height=\"405\" class=\"aligncenter size-large wp-image-952327\"  \/><\/a><\/p>\n<p>Culpa \u00e9 toda dos recursos que a IA consome<\/p>\n<p>Ao mesmo tempo, os dispositivos com 12 GB de RAM podem sofrer uma redu\u00e7\u00e3o de at\u00e9 40%, sendo substitu\u00eddos por variantes de 6 ou 8 GB. No caso dos modelos com 8 GB de RAM, a redu\u00e7\u00e3o pode chegar aos 50%, dando lugar a configura\u00e7\u00f5es de 4 ou 6 GB.<\/p>\n<p>Este cen\u00e1rio est\u00e1 diretamente ligado \u00e0 ascens\u00e3o da IA. As empresas tecnol\u00f3gicas exigem cada vez mais mem\u00f3ria de alta largura de banda para data centers e servidores dedicados a tarefas de IA. Com margens de lucro mais elevadas, os fabricantes de mem\u00f3ria d\u00e3o prioridade a este segmento em detrimento do mercado consumidor, reduzindo a produ\u00e7\u00e3o de RAM convencional e aumentando os pre\u00e7os.<\/p>\n<p>O impacto n\u00e3o se limita aos smartphones, uma vez que o mercado dos computadores port\u00e1teis tamb\u00e9m est\u00e1 a ser afetado. O relat\u00f3rio da TrendForce indica que marcas como a Dell e a Lenovo j\u00e1 come\u00e7aram a alertar os seus clientes para os pr\u00f3ximos aumentos. H\u00e1 que ver como a situa\u00e7\u00e3o se desenvolve no in\u00edcio de 2026, pois, a confirmarem-se as previs\u00f5es, a melhor op\u00e7\u00e3o ser\u00e1 adiar a compra de novos smartphones.<\/p>\n","protected":false},"excerpt":{"rendered":"Os smartphones que chegar\u00e3o ao mercado a partir de 2026 poder\u00e3o ter menos mem\u00f3ria RAM. Isto \u00e9 devido&hellip;\n","protected":false},"author":2,"featured_media":188041,"comment_status":"","ping_status":"","sticky":false,"template":"","format":"standard","meta":{"footnotes":""},"categories":[84],"tags":[109,107,108,414,32,10700,33,34828,105,103,104,954,106,110],"class_list":{"0":"post-188040","1":"post","2":"type-post","3":"status-publish","4":"format-standard","5":"has-post-thumbnail","7":"category-ciencia-e-tecnologia","8":"tag-ciencia","9":"tag-ciencia-e-tecnologia","10":"tag-cienciaetecnologia","11":"tag-ia","12":"tag-portugal","13":"tag-preco","14":"tag-pt","15":"tag-ram","16":"tag-science","17":"tag-science-and-technology","18":"tag-scienceandtechnology","19":"tag-smartphones","20":"tag-technology","21":"tag-tecnologia"},"share_on_mastodon":{"url":"https:\/\/pubeurope.com\/@pt\/115718919730776058","error":""},"_links":{"self":[{"href":"https:\/\/www.europesays.com\/pt\/wp-json\/wp\/v2\/posts\/188040","targetHints":{"allow":["GET"]}}],"collection":[{"href":"https:\/\/www.europesays.com\/pt\/wp-json\/wp\/v2\/posts"}],"about":[{"href":"https:\/\/www.europesays.com\/pt\/wp-json\/wp\/v2\/types\/post"}],"author":[{"embeddable":true,"href":"https:\/\/www.europesays.com\/pt\/wp-json\/wp\/v2\/users\/2"}],"replies":[{"embeddable":true,"href":"https:\/\/www.europesays.com\/pt\/wp-json\/wp\/v2\/comments?post=188040"}],"version-history":[{"count":0,"href":"https:\/\/www.europesays.com\/pt\/wp-json\/wp\/v2\/posts\/188040\/revisions"}],"wp:featuredmedia":[{"embeddable":true,"href":"https:\/\/www.europesays.com\/pt\/wp-json\/wp\/v2\/media\/188041"}],"wp:attachment":[{"href":"https:\/\/www.europesays.com\/pt\/wp-json\/wp\/v2\/media?parent=188040"}],"wp:term":[{"taxonomy":"category","embeddable":true,"href":"https:\/\/www.europesays.com\/pt\/wp-json\/wp\/v2\/categories?post=188040"},{"taxonomy":"post_tag","embeddable":true,"href":"https:\/\/www.europesays.com\/pt\/wp-json\/wp\/v2\/tags?post=188040"}],"curies":[{"name":"wp","href":"https:\/\/api.w.org\/{rel}","templated":true}]}}