{"id":188042,"date":"2025-12-14T16:44:09","date_gmt":"2025-12-14T16:44:09","guid":{"rendered":"https:\/\/www.europesays.com\/pt\/188042\/"},"modified":"2025-12-14T16:44:09","modified_gmt":"2025-12-14T16:44:09","slug":"pj-apreende-malas-com-cerca-de-5-milhoes-de-euros-a-homem-proximo-de-sissoco-embalo","status":"publish","type":"post","link":"https:\/\/www.europesays.com\/pt\/188042\/","title":{"rendered":"PJ apreende malas com cerca de 5 milh\u00f5es de euros a homem pr\u00f3ximo de Sissoco Embal\u00f3"},"content":{"rendered":"<p class=\"category\"><a href=\"https:\/\/sicnoticias.pt\/mundo\" rel=\"nofollow noopener\" target=\"_blank\">Mundo<\/a><\/p>\n<p class=\"status custom noticia-sic\">Not\u00edcia SIC<\/p>\n<p>O dinheiro foi apreendido na chegada do jato privado ao aeroporto de Figo Maduro. A mulher do Presidente deposto da Guin\u00e9-Bissau tamb\u00e9m seguia a bordo, mas n\u00e3o chegou a ser detida.<\/p>\n<p><img decoding=\"async\" src=\"https:\/\/www.europesays.com\/pt\/wp-content\/uploads\/2025\/12\/1765730649_3_original.webp\" alt=\"PJ apreende malas com cerca de 5 milh\u00f5es de euros a homem pr\u00f3ximo de Sissoco Embal\u00f3\"\/><\/p>\n<p>Kristina Kormilitsyna<\/p>\n<p><strong>A Pol\u00edcia Judici\u00e1ria apreendeu malas com quase 5 milh\u00f5es de euros a um homem pr\u00f3ximo de Sissoco Embal\u00f3, confirmou a SIC.<\/strong><\/p>\n<p>O dinheiro foi apreendido na chegada do jato privado ao aeroporto de Figo Maduro.<\/p>\n<p>A mulher do Presidente deposto da Guin\u00e9-Bissau tamb\u00e9m se encontrava no avi\u00e3o, mas n\u00e3o chegou a ser detida.<\/p>\n<p>O jato aterrou por volta da meia noite para uma escala.<\/p>\n<p>O voo estava inicialmente classificado como sendo militar e, depois, de Lisboa, seguiria para Beja, l\u00ea-se no comunicado da PJ, no entanto, &#8220;posteriormente, verificou-se que a natureza do voo e o seu final eram distintos do inicialmente indicado \u00e0s autoridades aeron\u00e1uticas&#8221;.<\/p>\n<p>O detido ser\u00e1 presente a primeiro interrogat\u00f3rio judicial para aplica\u00e7\u00e3o das adequadas medidas de coa\u00e7\u00e3o.<\/p>\n","protected":false},"excerpt":{"rendered":"Mundo Not\u00edcia SIC O dinheiro foi apreendido na chegada do jato privado ao aeroporto de Figo Maduro. A&hellip;\n","protected":false},"author":2,"featured_media":188043,"comment_status":"","ping_status":"","sticky":false,"template":"","format":"standard","meta":{"footnotes":""},"categories":[10],"tags":[27,28,15,16,14,25,26,21,22,12,13,19,20,32,23,24,33,17,18,29,30,31],"class_list":{"0":"post-188042","1":"post","2":"type-post","3":"status-publish","4":"format-standard","5":"has-post-thumbnail","7":"category-portugal","8":"tag-breaking-news","9":"tag-breakingnews","10":"tag-featured-news","11":"tag-featurednews","12":"tag-headlines","13":"tag-latest-news","14":"tag-latestnews","15":"tag-main-news","16":"tag-mainnews","17":"tag-news","18":"tag-noticias","19":"tag-noticias-principais","20":"tag-noticiasprincipais","21":"tag-portugal","22":"tag-principais-noticias","23":"tag-principaisnoticias","24":"tag-pt","25":"tag-top-stories","26":"tag-topstories","27":"tag-ultimas","28":"tag-ultimas-noticias","29":"tag-ultimasnoticias"},"share_on_mastodon":{"url":"https:\/\/pubeurope.com\/@pt\/115718931605773561","error":""},"_links":{"self":[{"href":"https:\/\/www.europesays.com\/pt\/wp-json\/wp\/v2\/posts\/188042","targetHints":{"allow":["GET"]}}],"collection":[{"href":"https:\/\/www.europesays.com\/pt\/wp-json\/wp\/v2\/posts"}],"about":[{"href":"https:\/\/www.europesays.com\/pt\/wp-json\/wp\/v2\/types\/post"}],"author":[{"embeddable":true,"href":"https:\/\/www.europesays.com\/pt\/wp-json\/wp\/v2\/users\/2"}],"replies":[{"embeddable":true,"href":"https:\/\/www.europesays.com\/pt\/wp-json\/wp\/v2\/comments?post=188042"}],"version-history":[{"count":0,"href":"https:\/\/www.europesays.com\/pt\/wp-json\/wp\/v2\/posts\/188042\/revisions"}],"wp:featuredmedia":[{"embeddable":true,"href":"https:\/\/www.europesays.com\/pt\/wp-json\/wp\/v2\/media\/188043"}],"wp:attachment":[{"href":"https:\/\/www.europesays.com\/pt\/wp-json\/wp\/v2\/media?parent=188042"}],"wp:term":[{"taxonomy":"category","embeddable":true,"href":"https:\/\/www.europesays.com\/pt\/wp-json\/wp\/v2\/categories?post=188042"},{"taxonomy":"post_tag","embeddable":true,"href":"https:\/\/www.europesays.com\/pt\/wp-json\/wp\/v2\/tags?post=188042"}],"curies":[{"name":"wp","href":"https:\/\/api.w.org\/{rel}","templated":true}]}}