{"id":18810,"date":"2025-08-06T19:44:11","date_gmt":"2025-08-06T19:44:11","guid":{"rendered":"https:\/\/www.europesays.com\/pt\/18810\/"},"modified":"2025-08-06T19:44:11","modified_gmt":"2025-08-06T19:44:11","slug":"enviado-americano-destaca-dialogo-construtivo","status":"publish","type":"post","link":"https:\/\/www.europesays.com\/pt\/18810\/","title":{"rendered":"Enviado Americano Destaca Di\u00e1logo Construtivo"},"content":{"rendered":"<p>As conversa\u00e7\u00f5es entre o Presidente russo, Vladimir Putin, e o enviado de Donald Trump, Steve Witkoff, \u201cforam \u00fateis e construtivas\u201d, anunciou esta quarta-feira, 6 de agosto, o Kremlin (presid\u00eancia) no final do encontro de cerca de tr\u00eas horas.<\/p>\n<p>A ag\u00eancia russa Ria Novosti noticiou que a comitiva de Steve Witkoff deixou o Kremlin cerca das 14:30 locais (12:30 em Lisboa).<\/p>\n<p><strong>\u201cAs conversa\u00e7\u00f5es duraram cerca de tr\u00eas horas\u201d<\/strong>, afirmou a ag\u00eancia TASS, citada pela ag\u00eancia de not\u00edcias France-Presse (AFP).<\/p>\n","protected":false},"excerpt":{"rendered":"As conversa\u00e7\u00f5es entre o Presidente russo, Vladimir Putin, e o enviado de Donald Trump, Steve Witkoff, \u201cforam \u00fateis&hellip;\n","protected":false},"author":2,"featured_media":18811,"comment_status":"","ping_status":"","sticky":false,"template":"","format":"standard","meta":{"footnotes":""},"categories":[50],"tags":[27,28,235,15,16,889,14,25,26,21,22,62,12,13,19,20,23,24,839,6091,17,18,29,30,31,2415,63,64,65],"class_list":{"0":"post-18810","1":"post","2":"type-post","3":"status-publish","4":"format-standard","5":"has-post-thumbnail","7":"category-mundo","8":"tag-breaking-news","9":"tag-breakingnews","10":"tag-estados-unidos","11":"tag-featured-news","12":"tag-featurednews","13":"tag-guerra-na-ucrania","14":"tag-headlines","15":"tag-latest-news","16":"tag-latestnews","17":"tag-main-news","18":"tag-mainnews","19":"tag-mundo","20":"tag-news","21":"tag-noticias","22":"tag-noticias-principais","23":"tag-noticiasprincipais","24":"tag-principais-noticias","25":"tag-principaisnoticias","26":"tag-russia","27":"tag-steve-witkoff","28":"tag-top-stories","29":"tag-topstories","30":"tag-ultimas","31":"tag-ultimas-noticias","32":"tag-ultimasnoticias","33":"tag-vladimir-putin","34":"tag-world","35":"tag-world-news","36":"tag-worldnews"},"share_on_mastodon":{"url":"","error":""},"_links":{"self":[{"href":"https:\/\/www.europesays.com\/pt\/wp-json\/wp\/v2\/posts\/18810","targetHints":{"allow":["GET"]}}],"collection":[{"href":"https:\/\/www.europesays.com\/pt\/wp-json\/wp\/v2\/posts"}],"about":[{"href":"https:\/\/www.europesays.com\/pt\/wp-json\/wp\/v2\/types\/post"}],"author":[{"embeddable":true,"href":"https:\/\/www.europesays.com\/pt\/wp-json\/wp\/v2\/users\/2"}],"replies":[{"embeddable":true,"href":"https:\/\/www.europesays.com\/pt\/wp-json\/wp\/v2\/comments?post=18810"}],"version-history":[{"count":0,"href":"https:\/\/www.europesays.com\/pt\/wp-json\/wp\/v2\/posts\/18810\/revisions"}],"wp:featuredmedia":[{"embeddable":true,"href":"https:\/\/www.europesays.com\/pt\/wp-json\/wp\/v2\/media\/18811"}],"wp:attachment":[{"href":"https:\/\/www.europesays.com\/pt\/wp-json\/wp\/v2\/media?parent=18810"}],"wp:term":[{"taxonomy":"category","embeddable":true,"href":"https:\/\/www.europesays.com\/pt\/wp-json\/wp\/v2\/categories?post=18810"},{"taxonomy":"post_tag","embeddable":true,"href":"https:\/\/www.europesays.com\/pt\/wp-json\/wp\/v2\/tags?post=18810"}],"curies":[{"name":"wp","href":"https:\/\/api.w.org\/{rel}","templated":true}]}}