{"id":188104,"date":"2025-12-14T17:52:09","date_gmt":"2025-12-14T17:52:09","guid":{"rendered":"https:\/\/www.europesays.com\/pt\/188104\/"},"modified":"2025-12-14T17:52:09","modified_gmt":"2025-12-14T17:52:09","slug":"farioli-confirma-mora-e-gabri-veiga-para-rececao-ao-e-amadora","status":"publish","type":"post","link":"https:\/\/www.europesays.com\/pt\/188104\/","title":{"rendered":"Farioli confirma Mora e Gabri Veiga para rece\u00e7\u00e3o ao E. Amadora"},"content":{"rendered":"<p><strong>Francesco Farioli, treinador do FC Porto, em declara\u00e7\u00f5es na confer\u00eancia de imprensa de antevis\u00e3o \u00e0 <a href=\"https:\/\/maisfutebol.iol.pt\/jogo\/aominuto\/fc-porto\/e-amadora\/13828189\" rel=\"nofollow noopener\" target=\"_blank\">rece\u00e7\u00e3o ao Estrela da Amadora, desta segunda-feira [20h45]<\/a>, a contar para a 14.\u00aa jornada da Liga. O t\u00e9cnico dos drag\u00f5es confirmou a presen\u00e7a de<a href=\"https:\/\/maisfutebol.iol.pt\/liga\/fc-porto\/fc-porto-rodrigo-mora-esta-apto-para-defrontar-o-estrela-da-amadora\" rel=\"nofollow noopener\" target=\"_blank\"> Rodrigo Mora <\/a>e Gabri Veiga na para o encontro.<\/strong><\/p>\n<p> Mora e Veiga como op\u00e7\u00f5es <\/p>\n<p>\u00abCom certeza, o meio-campo \u00e9 claramente a chave do jogo, \u00e9 a base da equipa. Ent\u00e3o \u00e9 sempre importante ter as melhores qualidades e o melhor equil\u00edbrio, para ter a conex\u00e3o e a rela\u00e7\u00e3o entre os jogadores, para estar no momento certo. A possibilidade de jogar com o Gabri Veiga e com o Rodrigo Mora \u00e9 um cen\u00e1rio, a possibilidade de jogar com o Pablo tamb\u00e9m. Ent\u00e3o, temos diferentes possibilidades, diferentes cen\u00e1rios para come\u00e7ar o jogo ou mesmo durante o jogo.\u00bb<\/p>\n<p> Mais um dia de descanso faz a diferen\u00e7a\u00a0 <\/p>\n<p>\u00abEnt\u00e3o, sempre h\u00e1 uma liga\u00e7\u00e3o. O fato de n\u00e3o jogar no domingo \u00e9, com certeza, uma coisa boa para n\u00f3s. Porque um dia parece nada, mas no final \u00e9 muito. \u00c9 muito bom do ponto de vista f\u00edsico porque d\u00e1-nos a oportunidade de recuperar quase todos os jogadores. Ent\u00e3o, nessa parte, acho que todos poderiam ser op\u00e7\u00e3o para o jogo amanh\u00e3. Amanh\u00e3 de manh\u00e3 teremos outra sess\u00e3o antes de ir ao jogo. Tentarei finalizar todos os detalhes, do ponto de vista t\u00e1tico e f\u00edsico, e especialmente para mostrar \u00e0 equipa a mentalidade certa.\u00bb<\/p>\n<p>\u00a0<\/p>\n","protected":false},"excerpt":{"rendered":"Francesco Farioli, treinador do FC Porto, em declara\u00e7\u00f5es na confer\u00eancia de imprensa de antevis\u00e3o \u00e0 rece\u00e7\u00e3o ao Estrela&hellip;\n","protected":false},"author":2,"featured_media":188105,"comment_status":"","ping_status":"","sticky":false,"template":"","format":"standard","meta":{"footnotes":""},"categories":[87],"tags":[956,135,5742,282,1011,36,46,32,33,47,134],"class_list":{"0":"post-188104","1":"post","2":"type-post","3":"status-publish","4":"format-standard","5":"has-post-thumbnail","7":"category-desporto","8":"tag-antevisao","9":"tag-desporto","10":"tag-estrela-amadora","11":"tag-fc-porto","12":"tag-francesco-farioli","13":"tag-liga","14":"tag-maisfutebol","15":"tag-portugal","16":"tag-pt","17":"tag-pura-paixao","18":"tag-sports"},"share_on_mastodon":{"url":"https:\/\/pubeurope.com\/@pt\/115719198974422549","error":""},"_links":{"self":[{"href":"https:\/\/www.europesays.com\/pt\/wp-json\/wp\/v2\/posts\/188104","targetHints":{"allow":["GET"]}}],"collection":[{"href":"https:\/\/www.europesays.com\/pt\/wp-json\/wp\/v2\/posts"}],"about":[{"href":"https:\/\/www.europesays.com\/pt\/wp-json\/wp\/v2\/types\/post"}],"author":[{"embeddable":true,"href":"https:\/\/www.europesays.com\/pt\/wp-json\/wp\/v2\/users\/2"}],"replies":[{"embeddable":true,"href":"https:\/\/www.europesays.com\/pt\/wp-json\/wp\/v2\/comments?post=188104"}],"version-history":[{"count":0,"href":"https:\/\/www.europesays.com\/pt\/wp-json\/wp\/v2\/posts\/188104\/revisions"}],"wp:featuredmedia":[{"embeddable":true,"href":"https:\/\/www.europesays.com\/pt\/wp-json\/wp\/v2\/media\/188105"}],"wp:attachment":[{"href":"https:\/\/www.europesays.com\/pt\/wp-json\/wp\/v2\/media?parent=188104"}],"wp:term":[{"taxonomy":"category","embeddable":true,"href":"https:\/\/www.europesays.com\/pt\/wp-json\/wp\/v2\/categories?post=188104"},{"taxonomy":"post_tag","embeddable":true,"href":"https:\/\/www.europesays.com\/pt\/wp-json\/wp\/v2\/tags?post=188104"}],"curies":[{"name":"wp","href":"https:\/\/api.w.org\/{rel}","templated":true}]}}