{"id":188112,"date":"2025-12-14T17:57:08","date_gmt":"2025-12-14T17:57:08","guid":{"rendered":"https:\/\/www.europesays.com\/pt\/188112\/"},"modified":"2025-12-14T17:57:08","modified_gmt":"2025-12-14T17:57:08","slug":"mia-e-zoe-sobreviveram-a-outros-tiroteios-em-escolas-antes-do-ataque-a-universidade-de-brown","status":"publish","type":"post","link":"https:\/\/www.europesays.com\/pt\/188112\/","title":{"rendered":"Mia e Zoe sobreviveram a outros tiroteios em escolas antes do ataque \u00e0 Universidade de Brown"},"content":{"rendered":"<p data-remotead-prev-elm=\"true\" data-remotead-elm-id=\"inread\">Aos 12 anos, Zoe Weissman, agora com 20,<strong> testemunhou um tiroteio na escola secund\u00e1ria adjacente \u00e0 sua escola de ensino b\u00e1sico<\/strong> em Parkland, na Florida. O atentado de 2018 matou 17 pessoas. Oito anos mais tarde, Zoe estava no quarto do dormit\u00f3rio da Universidade de Brown quando uma amiga lhe ligou a avisar sobre o tiroteio de s\u00e1bado \u00e0 noite, onde morreram duas pessoas e nove ficaram feridas.<\/p>\n<p>&#8220;Estou zangada porque pensei que nunca mais teria de lidar com isto e aqui estou eu, oito anos depois&#8221;, disse Weissman, em declara\u00e7\u00f5es \u00e0 &#8220;NBC News&#8221;.<\/p>\n<blockquote data-type=\"articles\" data-id=\"related-article-18030103\"><p>\n              <strong>Leia tamb\u00e9m <\/strong><br \/>\n              <a href=\"https:\/\/www.jn.pt\/mundo\/artigo\/dois-mortos-e-oito-feridos-em-tiroteio-na-universidade-brown-nos-eua\/18030103\" rel=\"nofollow noopener\" target=\"_blank\">Dois mortos e oito feridos em tiroteio na Universidade Brown nos EUA<\/a>\n            <\/p><\/blockquote>\n<p data-remotead-prev-elm=\"true\" data-remotead-elm-id=\"centro1\">Mas Zoe n\u00e3o foi a \u00fanica a passar pela segunda vez por um atentado a um estabelecimento de ensino. Em 2019, Mia Tretta, agora com 21 anos, foi<strong> baleada na barriga quando um jovem de 16 anos abriu fogo na escola secund\u00e1ria de Saugus<\/strong>, perto de Los Angeles, matando duas pessoas, incluindo a sua melhor amiga. No s\u00e1bado, Mia estava a estudar no dormit\u00f3rio no momento do ataque. Inicialmente, tinha planeado estudar no edif\u00edcio de engenharia e f\u00edsica, onde ocorreu o tiroteio, mas mudou de ideias porque se sentia cansada.<\/p>\n<p>&#8220;As pessoas pensam sempre: &#8220;Bem, isto nunca vai acontecer comigo&#8221;&#8221;, disse Mia ao jornal norte-americano &#8220;The New York Times&#8221;. &#8220;E at\u00e9 eu ser baleada na minha escola, eu tamb\u00e9m pensava a mesma coisa&#8221;.<\/p>\n<p>Ambas pensaram que nunca mais teriam de passar por um tiroteio. &#8220;O que mais tenho sentido \u00e9: como este pa\u00eds ousa permitir que isso aconte\u00e7a com algu\u00e9m como eu duas vezes? A \u00fanica coisa que me confortou foi que, estatisticamente, \u00e9 praticamente imposs\u00edvel que isso aconte\u00e7a comigo outra vez&#8221;, disse Zoe. &#8220;Claramente, estamos a chegar a um ponto em que j\u00e1 ningu\u00e9m pode dizer isso&#8221;.<\/p>\n","protected":false},"excerpt":{"rendered":"Aos 12 anos, Zoe Weissman, agora com 20, testemunhou um tiroteio na escola secund\u00e1ria adjacente \u00e0 sua escola&hellip;\n","protected":false},"author":2,"featured_media":188113,"comment_status":"","ping_status":"","sticky":false,"template":"","format":"standard","meta":{"footnotes":""},"categories":[50],"tags":[27,28,413,15,16,14,25,26,21,22,62,12,13,19,20,23,24,3512,17,18,29,30,31,63,64,65],"class_list":{"0":"post-188112","1":"post","2":"type-post","3":"status-publish","4":"format-standard","5":"has-post-thumbnail","7":"category-mundo","8":"tag-breaking-news","9":"tag-breakingnews","10":"tag-eua","11":"tag-featured-news","12":"tag-featurednews","13":"tag-headlines","14":"tag-latest-news","15":"tag-latestnews","16":"tag-main-news","17":"tag-mainnews","18":"tag-mundo","19":"tag-news","20":"tag-noticias","21":"tag-noticias-principais","22":"tag-noticiasprincipais","23":"tag-principais-noticias","24":"tag-principaisnoticias","25":"tag-tiroteio","26":"tag-top-stories","27":"tag-topstories","28":"tag-ultimas","29":"tag-ultimas-noticias","30":"tag-ultimasnoticias","31":"tag-world","32":"tag-world-news","33":"tag-worldnews"},"share_on_mastodon":{"url":"https:\/\/pubeurope.com\/@pt\/115719218515906378","error":""},"_links":{"self":[{"href":"https:\/\/www.europesays.com\/pt\/wp-json\/wp\/v2\/posts\/188112","targetHints":{"allow":["GET"]}}],"collection":[{"href":"https:\/\/www.europesays.com\/pt\/wp-json\/wp\/v2\/posts"}],"about":[{"href":"https:\/\/www.europesays.com\/pt\/wp-json\/wp\/v2\/types\/post"}],"author":[{"embeddable":true,"href":"https:\/\/www.europesays.com\/pt\/wp-json\/wp\/v2\/users\/2"}],"replies":[{"embeddable":true,"href":"https:\/\/www.europesays.com\/pt\/wp-json\/wp\/v2\/comments?post=188112"}],"version-history":[{"count":0,"href":"https:\/\/www.europesays.com\/pt\/wp-json\/wp\/v2\/posts\/188112\/revisions"}],"wp:featuredmedia":[{"embeddable":true,"href":"https:\/\/www.europesays.com\/pt\/wp-json\/wp\/v2\/media\/188113"}],"wp:attachment":[{"href":"https:\/\/www.europesays.com\/pt\/wp-json\/wp\/v2\/media?parent=188112"}],"wp:term":[{"taxonomy":"category","embeddable":true,"href":"https:\/\/www.europesays.com\/pt\/wp-json\/wp\/v2\/categories?post=188112"},{"taxonomy":"post_tag","embeddable":true,"href":"https:\/\/www.europesays.com\/pt\/wp-json\/wp\/v2\/tags?post=188112"}],"curies":[{"name":"wp","href":"https:\/\/api.w.org\/{rel}","templated":true}]}}