{"id":188114,"date":"2025-12-14T17:58:12","date_gmt":"2025-12-14T17:58:12","guid":{"rendered":"https:\/\/www.europesays.com\/pt\/188114\/"},"modified":"2025-12-14T17:58:12","modified_gmt":"2025-12-14T17:58:12","slug":"ha-uma-novidade-com-as-cartas-de-conducao-portuguesas-e-brasileiras","status":"publish","type":"post","link":"https:\/\/www.europesays.com\/pt\/188114\/","title":{"rendered":"H\u00e1 uma novidade com as cartas de condu\u00e7\u00e3o portuguesas e brasileiras"},"content":{"rendered":"<p>Os portugueses podem conduzir com carta de condu\u00e7\u00e3o nacional no Brasil e os brasileiros podem fazer o mesmo em Portugal. Mas h\u00e1 agora uma novidade.<\/p>\n<p><a target=\"_blank\" href=\"https:\/\/pplware.sapo.pt\/wp-content\/uploads\/2025\/12\/carta_de_conducao.jpg\" onclick=\"refreshIframe()\" class=\"foobox\" rel=\"nofollow noopener\"><img fetchpriority=\"high\" decoding=\"async\" src=\"https:\/\/www.europesays.com\/pt\/wp-content\/uploads\/2025\/12\/carta_de_conducao-720x405.jpg\" alt=\"\" width=\"720\" height=\"405\" class=\"aligncenter size-medium wp-image-1093360\"  \/><\/a><\/p>\n<p>Cartas de condu\u00e7\u00e3o dos dois pa\u00edses passam a ser reconhecidas automaticamente<\/p>\n<p>O Governo aprovou, em Conselho de Ministros, um novo acordo entre Portugal e o Brasil que prev\u00ea o reconhecimento m\u00fatuo das cartas de condu\u00e7\u00e3o, uma medida que visa simplificar processos e facilitar a vida de quem vive, trabalha ou se desloca entre os dois pa\u00edses.<\/p>\n<p><a target=\"_blank\" href=\"https:\/\/www.europesays.com\/pt\/wp-content\/uploads\/2025\/08\/carta_00-720x405-1.jpg\" onclick=\"refreshIframe()\" class=\"foobox\"><img loading=\"lazy\" decoding=\"async\" src=\"https:\/\/www.europesays.com\/pt\/wp-content\/uploads\/2025\/08\/carta_00-720x405-1.jpg\" alt=\"\" width=\"720\" height=\"405\" class=\"aligncenter size-full wp-image-1058862\"  \/><\/a><\/p>\n<p>De relembrar que com o <a target=\"_blank\" href=\"https:\/\/pplware.sapo.pt\/motores\/ja-e-possivel-conduzir-no-brasil-com-carta-de-conducao-portuguesa\/\" rel=\"nofollow noopener\">acordo assinado pelo governo brasileiro e portugu\u00eas<\/a>, em setembro de 2023, deixou de ser necess\u00e1ria qualquer troca de documentos de habilita\u00e7\u00e3o: ao conduzir em Portugal, os brasileiros residentes apresentam a sua Carteira Nacional de Habilita\u00e7\u00e3o (CNH), que poder\u00e1 ser usada at\u00e9 a data de validade original.<\/p>\n<p>No Brasil, o Minist\u00e9rio dos Transportes, por meio da Secretaria Nacional de Tr\u00e2nsito (Senatran), \u00e9 respons\u00e1vel pela execu\u00e7\u00e3o do acordo e, em Portugal, o \u00f3rg\u00e3o respons\u00e1vel ser\u00e1 o Instituto da Mobilidade e dos Transportes.<\/p>\n","protected":false},"excerpt":{"rendered":"Os portugueses podem conduzir com carta de condu\u00e7\u00e3o nacional no Brasil e os brasileiros podem fazer o mesmo&hellip;\n","protected":false},"author":2,"featured_media":188115,"comment_status":"","ping_status":"","sticky":false,"template":"","format":"standard","meta":{"footnotes":""},"categories":[10],"tags":[27,28,6896,15,16,14,25,26,21,22,12,13,19,20,32,23,24,33,17,18,29,30,31],"class_list":{"0":"post-188114","1":"post","2":"type-post","3":"status-publish","4":"format-standard","5":"has-post-thumbnail","7":"category-portugal","8":"tag-breaking-news","9":"tag-breakingnews","10":"tag-cartas-de-conducao","11":"tag-featured-news","12":"tag-featurednews","13":"tag-headlines","14":"tag-latest-news","15":"tag-latestnews","16":"tag-main-news","17":"tag-mainnews","18":"tag-news","19":"tag-noticias","20":"tag-noticias-principais","21":"tag-noticiasprincipais","22":"tag-portugal","23":"tag-principais-noticias","24":"tag-principaisnoticias","25":"tag-pt","26":"tag-top-stories","27":"tag-topstories","28":"tag-ultimas","29":"tag-ultimas-noticias","30":"tag-ultimasnoticias"},"share_on_mastodon":{"url":"https:\/\/pubeurope.com\/@pt\/115719222616452312","error":""},"_links":{"self":[{"href":"https:\/\/www.europesays.com\/pt\/wp-json\/wp\/v2\/posts\/188114","targetHints":{"allow":["GET"]}}],"collection":[{"href":"https:\/\/www.europesays.com\/pt\/wp-json\/wp\/v2\/posts"}],"about":[{"href":"https:\/\/www.europesays.com\/pt\/wp-json\/wp\/v2\/types\/post"}],"author":[{"embeddable":true,"href":"https:\/\/www.europesays.com\/pt\/wp-json\/wp\/v2\/users\/2"}],"replies":[{"embeddable":true,"href":"https:\/\/www.europesays.com\/pt\/wp-json\/wp\/v2\/comments?post=188114"}],"version-history":[{"count":0,"href":"https:\/\/www.europesays.com\/pt\/wp-json\/wp\/v2\/posts\/188114\/revisions"}],"wp:featuredmedia":[{"embeddable":true,"href":"https:\/\/www.europesays.com\/pt\/wp-json\/wp\/v2\/media\/188115"}],"wp:attachment":[{"href":"https:\/\/www.europesays.com\/pt\/wp-json\/wp\/v2\/media?parent=188114"}],"wp:term":[{"taxonomy":"category","embeddable":true,"href":"https:\/\/www.europesays.com\/pt\/wp-json\/wp\/v2\/categories?post=188114"},{"taxonomy":"post_tag","embeddable":true,"href":"https:\/\/www.europesays.com\/pt\/wp-json\/wp\/v2\/tags?post=188114"}],"curies":[{"name":"wp","href":"https:\/\/api.w.org\/{rel}","templated":true}]}}