{"id":188116,"date":"2025-12-14T17:59:06","date_gmt":"2025-12-14T17:59:06","guid":{"rendered":"https:\/\/www.europesays.com\/pt\/188116\/"},"modified":"2025-12-14T17:59:06","modified_gmt":"2025-12-14T17:59:06","slug":"prosseguem-as-buscas-por-tres-pescadores-desaparecidos-apos-naufragio-em-caminha","status":"publish","type":"post","link":"https:\/\/www.europesays.com\/pt\/188116\/","title":{"rendered":"Prosseguem as buscas por tr\u00eas pescadores desaparecidos ap\u00f3s naufr\u00e1gio em Caminha"},"content":{"rendered":"<p>&#13;<br \/>\nO capit\u00e3o do Porto de Caminha, Fernando Vieira Pereira, disse \u00e0 ag\u00eancia Lusa que<b> na embarca\u00e7\u00e3o seguiam cinco pessoas, duas das quais foram retiradas e transportadas ao Hospital de Viana do Castelo.&#13;<br \/>\n<\/b>&#13;\n<\/p>\n<p>&#13;<br \/>\nSegundo o respons\u00e1vel, o acidente ocorreu numa zona rochosa da ilha de \u00cdnsua, em Moledo, no concelho de Caminha, em circunst\u00e2ncias que ainda est\u00e3o a ser apuradas.&#13;\n<\/p>\n<p>&#13;<br \/>\nEm declara\u00e7\u00f5es \u00e0 Antena 1, Liliana Silva, presidente da C\u00e2mara Municipal de Caminha, diz que \u00e9 importante aproveitar este momento antes de anoitecer, j\u00e1 que o mar est\u00e1 mais calmo. <\/p>\n<p>          <img decoding=\"async\" itemprop=\"image\" class=\"img-fluid\"   src=\"https:\/\/www.europesays.com\/pt\/wp-content\/uploads\/2025\/12\/1765735145_717_bg_playeraudio_1.jpg\"\/><\/p>\n<p> A participar nas opera\u00e7\u00f5es de buscar est\u00e1 uma aeronave da For\u00e7a A\u00e9rea Portuguesa e uma outra aeronave espanhola.<\/p>\n<p><b>A autarca acrescenta ainda que os dois pescadores resgatados estavam conscientes e foram transportados para o hospital.<\/b>\u00a0<\/p>\n<p>          <img decoding=\"async\" itemprop=\"image\" class=\"img-fluid\"   src=\"https:\/\/www.europesays.com\/pt\/wp-content\/uploads\/2025\/12\/1765735146_5_bg_playeraudio_5.jpg\"\/><\/p>\n<p> Em comunicado, <b>a Autoridade Mar\u00edtima Nacional refere que na sequ\u00eancia de um alerta recebido pelas 12h20, foram de imediato iniciadas buscas, por mar, pelos tripulantes da Esta\u00e7\u00e3o Salva-vidas de Viana do Castelo e elementos do Comando Local da Pol\u00edcia Mar\u00edtima de Caminha<\/b>, e, por ar, por uma aeronave da For\u00e7a A\u00e9rea Portuguesa (FAP) e outra espanhola.  <\/p>\n<p>&#13;<br \/>\nDurante as opera\u00e7\u00f5es de busca, coordenadas pelo Capit\u00e3o do Porto e Comandante-local da Pol\u00edcia Mar\u00edtima de Caminha, foi poss\u00edvel localizar duas das v\u00edtimas, o mestre da embarca\u00e7\u00e3o e um pescador de nacionalidade indon\u00e9sia, tendo sido posteriormente assistidas e transportadas em estado consciente para uma unidade hospitalar pelos elementos dos Bombeiros Volunt\u00e1rios de Caminha. &#13;<\/p>\n","protected":false},"excerpt":{"rendered":"&#13; O capit\u00e3o do Porto de Caminha, Fernando Vieira Pereira, disse \u00e0 ag\u00eancia Lusa que na embarca\u00e7\u00e3o seguiam&hellip;\n","protected":false},"author":2,"featured_media":151896,"comment_status":"","ping_status":"","sticky":false,"template":"","format":"standard","meta":{"footnotes":""},"categories":[8],"tags":[6069,27,28,26564,15,16,14,25,26,21,22,12,13,19,20,32,23,24,33,17,18,29,30,31,18495],"class_list":{"0":"post-188116","1":"post","2":"type-post","3":"status-publish","4":"format-standard","5":"has-post-thumbnail","7":"category-principais-noticias","8":"tag-aerea","9":"tag-breaking-news","10":"tag-breakingnews","11":"tag-caminha","12":"tag-featured-news","13":"tag-featurednews","14":"tag-headlines","15":"tag-latest-news","16":"tag-latestnews","17":"tag-main-news","18":"tag-mainnews","19":"tag-news","20":"tag-noticias","21":"tag-noticias-principais","22":"tag-noticiasprincipais","23":"tag-portugal","24":"tag-principais-noticias","25":"tag-principaisnoticias","26":"tag-pt","27":"tag-top-stories","28":"tag-topstories","29":"tag-ultimas","30":"tag-ultimas-noticias","31":"tag-ultimasnoticias","32":"tag-voluntarios"},"share_on_mastodon":{"url":"https:\/\/pubeurope.com\/@pt\/115719226868057834","error":""},"_links":{"self":[{"href":"https:\/\/www.europesays.com\/pt\/wp-json\/wp\/v2\/posts\/188116","targetHints":{"allow":["GET"]}}],"collection":[{"href":"https:\/\/www.europesays.com\/pt\/wp-json\/wp\/v2\/posts"}],"about":[{"href":"https:\/\/www.europesays.com\/pt\/wp-json\/wp\/v2\/types\/post"}],"author":[{"embeddable":true,"href":"https:\/\/www.europesays.com\/pt\/wp-json\/wp\/v2\/users\/2"}],"replies":[{"embeddable":true,"href":"https:\/\/www.europesays.com\/pt\/wp-json\/wp\/v2\/comments?post=188116"}],"version-history":[{"count":0,"href":"https:\/\/www.europesays.com\/pt\/wp-json\/wp\/v2\/posts\/188116\/revisions"}],"wp:featuredmedia":[{"embeddable":true,"href":"https:\/\/www.europesays.com\/pt\/wp-json\/wp\/v2\/media\/151896"}],"wp:attachment":[{"href":"https:\/\/www.europesays.com\/pt\/wp-json\/wp\/v2\/media?parent=188116"}],"wp:term":[{"taxonomy":"category","embeddable":true,"href":"https:\/\/www.europesays.com\/pt\/wp-json\/wp\/v2\/categories?post=188116"},{"taxonomy":"post_tag","embeddable":true,"href":"https:\/\/www.europesays.com\/pt\/wp-json\/wp\/v2\/tags?post=188116"}],"curies":[{"name":"wp","href":"https:\/\/api.w.org\/{rel}","templated":true}]}}