{"id":188117,"date":"2025-12-14T18:00:07","date_gmt":"2025-12-14T18:00:07","guid":{"rendered":"https:\/\/www.europesays.com\/pt\/188117\/"},"modified":"2025-12-14T18:00:07","modified_gmt":"2025-12-14T18:00:07","slug":"saiba-o-que-a-globo-prepara-para-ticiane-pinheiro-apos-saida-da-record","status":"publish","type":"post","link":"https:\/\/www.europesays.com\/pt\/188117\/","title":{"rendered":"Saiba o que a Globo prepara para Ticiane Pinheiro ap\u00f3s sa\u00edda da Record"},"content":{"rendered":"<p>A<strong> Globo<\/strong> j\u00e1 trabalha nos bastidores para tentar contratar <strong>Ticiane Pinheiro<\/strong> (49) a partir de 2026, ap\u00f3s <a href=\"https:\/\/caras.com.br\/tv\/ticiane-pinheiro-anuncia-o-fim-do-contrato-com-a-record-apos-20-anos.phtml\" rel=\"nofollow noopener\" target=\"_blank\">a apresentadora decidir n\u00e3o renovar<\/a> seu contrato com a Record, onde construiu uma trajet\u00f3ria de duas d\u00e9cadas. A informa\u00e7\u00e3o \u00e9 da coluna Outro Canal, da <strong>Folha de S.Paulo<\/strong>, que aponta que a emissora avalia um pacote de projetos semelhante ao oferecido a <strong>Eliana<\/strong> (53) quando ela deixou o SBT, em 2024.<\/p>\n<p>Entre as possibilidades em estudo est\u00e3o um espa\u00e7o na TV aberta e um projeto no GNT, canal onde o nome de Ticiane sempre teve boa aceita\u00e7\u00e3o interna. A Globo tamb\u00e9m analisa o desempenho comercial da apresentadora, considerado alto ao longo de sua carreira.<\/p>\n<p>A sa\u00edda de Ticiane da Record foi anunciada recentemente e, segundo a emissora, ocorreu em comum acordo. Apesar do encerramento formal do contrato em 31 de dezembro, ela seguir\u00e1 no comando do Hoje em Dia at\u00e9 o fim de 2025 e ainda aparecer\u00e1 nas primeiras edi\u00e7\u00f5es de 2026, por conta de programas gravados e a\u00e7\u00f5es comerciais j\u00e1 vendidas. A apresentadora tamb\u00e9m j\u00e1 deixou pronto o especial da atra\u00e7\u00e3o que vai ao ar no dia 1\u00ba de janeiro.<\/p>\n<p> <img loading=\"lazy\" decoding=\"async\" class=\"size-medium wp-image-1041870 img-fluid lazy\" alt=\"Ticiane Pinheiro - Foto: Record\" width=\"406\" height=\"228\" src=\"https:\/\/www.europesays.com\/pt\/wp-content\/uploads\/2025\/12\/ticiane-pinheiro-record-406x228.jpg\"  \/>Ticiane Pinheiro \u2013 Foto: Record Quem vai ficar com a vaga? <\/p>\n<p>Nos bastidores da Record, a movimenta\u00e7\u00e3o para definir<a href=\"https:\/\/caras.com.br\/tv\/tres-nomes-disputam-vaga-de-ticiane-pinheiro-na-record-tv-saiba-quem.phtml\" rel=\"nofollow noopener\" target=\"_blank\"> quem ocupar\u00e1 a vaga deixada<\/a> por Ticiane j\u00e1 come\u00e7ou. De acordo com o colunista Fl\u00e1vio Ricco, do<strong> Portal LeoDias<\/strong>, <strong>Rafa Brites<\/strong> (39) e <strong>Michelle Barros<\/strong> (46) aparecem entre os nomes mais cotados. Outra aposta interna \u00e9 K<strong>eila Jimenez<\/strong>, que vem se destacando no programa pelo desempenho \u00e0 frente do quadro de fofocas.<\/p>\n<p>Ao comentar a despedida, Ticiane afirmou, por meio de sua assessoria, que deixa a emissora com gratid\u00e3o. \u201cA minha sa\u00edda da Record aconteceu em comum acordo e com um sentimento enorme de gratid\u00e3o e realiza\u00e7\u00e3o pela profissional que me tornei ao longo desses 20 anos. A Record foi uma escola, uma casa e uma fam\u00edlia que me acolheu, me desafiou e me permitiu crescer\u201d, declarou.<\/p>\n<p>Ela ainda completou: \u201cEstou vivendo uma fase muito especial e confiante de que os pr\u00f3ximos cap\u00edtulos ser\u00e3o igualmente maravilhosos\u201d. Ap\u00f3s o an\u00fancio, surgiram rumores sobre uma poss\u00edvel ida para a Globo, mas, at\u00e9 o momento, n\u00e3o h\u00e1 confirma\u00e7\u00e3o oficial de convite.<\/p>\n<p>Ticiane est\u00e1 no Hoje em Dia desde 2015 e ingressou na Record em 2005, onde passou por diferentes formatos, incluindo novelas, realities e a apresenta\u00e7\u00e3o do Programa da Tarde. A apresentadora deve se mudar para o Rio de Janeiro em janeiro, acompanhada das duas filhas.<\/p>\n<p> Confira uma publica\u00e7\u00e3o de Ticiane Pinheiro ao lado de C\u00e9sar Trali: <\/p>\n<blockquote class=\"instagram-media\" style=\"background: #FFF; border: 0; border-radius: 3px; box-shadow: 0 0 1px 0 rgba(0,0,0,0.5),0 1px 10px 0 rgba(0,0,0,0.15); margin: 1px; max-width: 540px; min-width: 326px; padding: 0; width: calc(100% - 2px);\" data-instgrm-captioned=\"\" data-instgrm-permalink=\"https:\/\/www.instagram.com\/p\/DR16mSDjvjV\/?utm_source=ig_embed&amp;utm_campaign=loading\" data-instgrm-version=\"14\"><\/blockquote>\n<p>\t                                            <script async src=\"\/\/www.instagram.com\/embed.js\"><\/script><\/p>\n","protected":false},"excerpt":{"rendered":"A Globo j\u00e1 trabalha nos bastidores para tentar contratar Ticiane Pinheiro (49) a partir de 2026, ap\u00f3s a&hellip;\n","protected":false},"author":2,"featured_media":188118,"comment_status":"","ping_status":"","sticky":false,"template":"","format":"standard","meta":{"footnotes":""},"categories":[145],"tags":[211,210,114,115,753,4346,32,33,4787],"class_list":{"0":"post-188117","1":"post","2":"type-post","3":"status-publish","4":"format-standard","5":"has-post-thumbnail","7":"category-celebridades","8":"tag-celebridades","9":"tag-celebrities","10":"tag-entertainment","11":"tag-entretenimento","12":"tag-globo","13":"tag-gnt","14":"tag-portugal","15":"tag-pt","16":"tag-ticiane-pinheiro"},"share_on_mastodon":{"url":"https:\/\/pubeurope.com\/@pt\/115719230259678193","error":""},"_links":{"self":[{"href":"https:\/\/www.europesays.com\/pt\/wp-json\/wp\/v2\/posts\/188117","targetHints":{"allow":["GET"]}}],"collection":[{"href":"https:\/\/www.europesays.com\/pt\/wp-json\/wp\/v2\/posts"}],"about":[{"href":"https:\/\/www.europesays.com\/pt\/wp-json\/wp\/v2\/types\/post"}],"author":[{"embeddable":true,"href":"https:\/\/www.europesays.com\/pt\/wp-json\/wp\/v2\/users\/2"}],"replies":[{"embeddable":true,"href":"https:\/\/www.europesays.com\/pt\/wp-json\/wp\/v2\/comments?post=188117"}],"version-history":[{"count":0,"href":"https:\/\/www.europesays.com\/pt\/wp-json\/wp\/v2\/posts\/188117\/revisions"}],"wp:featuredmedia":[{"embeddable":true,"href":"https:\/\/www.europesays.com\/pt\/wp-json\/wp\/v2\/media\/188118"}],"wp:attachment":[{"href":"https:\/\/www.europesays.com\/pt\/wp-json\/wp\/v2\/media?parent=188117"}],"wp:term":[{"taxonomy":"category","embeddable":true,"href":"https:\/\/www.europesays.com\/pt\/wp-json\/wp\/v2\/categories?post=188117"},{"taxonomy":"post_tag","embeddable":true,"href":"https:\/\/www.europesays.com\/pt\/wp-json\/wp\/v2\/tags?post=188117"}],"curies":[{"name":"wp","href":"https:\/\/api.w.org\/{rel}","templated":true}]}}