{"id":188128,"date":"2025-12-14T18:11:08","date_gmt":"2025-12-14T18:11:08","guid":{"rendered":"https:\/\/www.europesays.com\/pt\/188128\/"},"modified":"2025-12-14T18:11:08","modified_gmt":"2025-12-14T18:11:08","slug":"nao-e-possivel-acordo-ue-mercosul-que-ponha-agricultores-em-risco","status":"publish","type":"post","link":"https:\/\/www.europesays.com\/pt\/188128\/","title":{"rendered":"&#8220;N\u00e3o \u00e9 poss\u00edvel&#8221; acordo UE-Mercosul que ponha agricultores em risco"},"content":{"rendered":"<p>        Os agricultores est\u00e3o em p\u00e9 de guerra com o Governo franc\u00eas e a pressionar o Executivo para n\u00e3o aceitar o acordo de livre com\u00e9rcio com a Mercosul por temor suportado pela prov\u00e1vel chegada de produtos sul-americanos mais baratos.    <\/p>\n<p>O Governo franc\u00eas alertou este domingo que \u201cn\u00e3o \u00e9 poss\u00edvel\u201d concluir um acordo entre a Uni\u00e3o Europeia e a Mercosul que coloque em risco os agricultores franceses, na v\u00e9spera da reuni\u00e3o de chefes de Estado e Governo que deveria aprovar em Bruxelas o acordo de livre com\u00e9rcio entre as duas regi\u00f5es econ\u00f3micas.<\/p>\n<p data-mrf-recirculation=\"Desktop - Links P\u00e1rrafos \">\u201cAs exig\u00eancias da Fran\u00e7a est\u00e3o longe de ser aceites. E um acordo que exponha os nossos agricultores n\u00e3o \u00e9 poss\u00edvel\u201d, alertou a ministra de Agricultura, Annie Genevard, em declara\u00e7\u00f5es \u00e0 radio Europe 1 e citadas pela EFE.<\/p>\n<p data-mrf-recirculation=\"Desktop - Links P\u00e1rrafos \">Os agricultores est\u00e3o em p\u00e9 de guerra com o Governo franc\u00eas e a pressionar o Executivo para n\u00e3o aceitar o acordo de livre com\u00e9rcio com a Mercosul por temor suportado pela prov\u00e1vel chegada de produtos sul-americanos mais baratos gra\u00e7as a normas menos restritivas que as europeias.<\/p>\n<p data-mrf-recirculation=\"Desktop - Links P\u00e1rrafos \">A presidente da Comiss\u00e3o Europeia, Ursula von der Leyen, e o presidente do Conselho Europeu, Ant\u00f3nio Costa, preveem assinar o acordo no dia 20 de dezembro, mas ainda n\u00e3o \u00e9 certo que consigam um acordo at\u00e9 essa altura.<\/p>\n<p class=\"text-paragraph\">O acordo entre a UE e o Mercosul, que pretende facilitar o com\u00e9rcio entre os dois blocos, est\u00e1 h\u00e1 duas d\u00e9cadas a ser negociado.<\/p>\n<p class=\"text-paragraph\">A UE espera, com este acordo, acelerar as exporta\u00e7\u00f5es de produtos como autom\u00f3veis, m\u00e1quinas e bebidas alco\u00f3licas para os pa\u00edses do Mercosul \u2013 Argentina, Brasil, Uruguai e Paraguai.<\/p>\n<p class=\"text-paragraph\">Por sua vez, este bloco conseguir\u00e1 fazer chegar \u00e0 Europa, com mais facilidade, produtos agroalimentares, como carne de bovino, frango, a\u00e7\u00facar, arroz e soja.<\/p>\n","protected":false},"excerpt":{"rendered":"Os agricultores est\u00e3o em p\u00e9 de guerra com o Governo franc\u00eas e a pressionar o Executivo para n\u00e3o&hellip;\n","protected":false},"author":2,"featured_media":188129,"comment_status":"","ping_status":"","sticky":false,"template":"","format":"standard","meta":{"footnotes":""},"categories":[50],"tags":[27,28,15,16,14,25,26,21,22,62,12,13,19,20,23,24,17,18,29,30,31,63,64,65],"class_list":{"0":"post-188128","1":"post","2":"type-post","3":"status-publish","4":"format-standard","5":"has-post-thumbnail","7":"category-mundo","8":"tag-breaking-news","9":"tag-breakingnews","10":"tag-featured-news","11":"tag-featurednews","12":"tag-headlines","13":"tag-latest-news","14":"tag-latestnews","15":"tag-main-news","16":"tag-mainnews","17":"tag-mundo","18":"tag-news","19":"tag-noticias","20":"tag-noticias-principais","21":"tag-noticiasprincipais","22":"tag-principais-noticias","23":"tag-principaisnoticias","24":"tag-top-stories","25":"tag-topstories","26":"tag-ultimas","27":"tag-ultimas-noticias","28":"tag-ultimasnoticias","29":"tag-world","30":"tag-world-news","31":"tag-worldnews"},"share_on_mastodon":{"url":"https:\/\/pubeurope.com\/@pt\/115719273483887642","error":""},"_links":{"self":[{"href":"https:\/\/www.europesays.com\/pt\/wp-json\/wp\/v2\/posts\/188128","targetHints":{"allow":["GET"]}}],"collection":[{"href":"https:\/\/www.europesays.com\/pt\/wp-json\/wp\/v2\/posts"}],"about":[{"href":"https:\/\/www.europesays.com\/pt\/wp-json\/wp\/v2\/types\/post"}],"author":[{"embeddable":true,"href":"https:\/\/www.europesays.com\/pt\/wp-json\/wp\/v2\/users\/2"}],"replies":[{"embeddable":true,"href":"https:\/\/www.europesays.com\/pt\/wp-json\/wp\/v2\/comments?post=188128"}],"version-history":[{"count":0,"href":"https:\/\/www.europesays.com\/pt\/wp-json\/wp\/v2\/posts\/188128\/revisions"}],"wp:featuredmedia":[{"embeddable":true,"href":"https:\/\/www.europesays.com\/pt\/wp-json\/wp\/v2\/media\/188129"}],"wp:attachment":[{"href":"https:\/\/www.europesays.com\/pt\/wp-json\/wp\/v2\/media?parent=188128"}],"wp:term":[{"taxonomy":"category","embeddable":true,"href":"https:\/\/www.europesays.com\/pt\/wp-json\/wp\/v2\/categories?post=188128"},{"taxonomy":"post_tag","embeddable":true,"href":"https:\/\/www.europesays.com\/pt\/wp-json\/wp\/v2\/tags?post=188128"}],"curies":[{"name":"wp","href":"https:\/\/api.w.org\/{rel}","templated":true}]}}