{"id":188130,"date":"2025-12-14T18:12:11","date_gmt":"2025-12-14T18:12:11","guid":{"rendered":"https:\/\/www.europesays.com\/pt\/188130\/"},"modified":"2025-12-14T18:12:11","modified_gmt":"2025-12-14T18:12:11","slug":"como-a-impressao-3d-esta-a-revolucionar-a-area-da-saude-observador","status":"publish","type":"post","link":"https:\/\/www.europesays.com\/pt\/188130\/","title":{"rendered":"Como a impress\u00e3o 3D est\u00e1 a revolucionar a \u00e1rea da Sa\u00fade \u2013 Observador"},"content":{"rendered":"<p>\u201cEsta pulseira surge numa parceria com a ULS de Gaia\/Espinho. Queriam uma pulseira para pessoas que t\u00eam dificuldades a verbalizar, que conseguem perceber o que lhes \u00e9 dito mas que n\u00e3o conseguem responder\u201d, esclarece Cl\u00e1udia Quaresma. A pulseira, que ocupa uma grande parte do antebra\u00e7o, tem tr\u00eas \u00edmans coloridos. Existem duas vers\u00f5es do mesmo prot\u00f3tipo, mas o esquema \u00e9 sempre o mesmo: um \u00edman verde, um amarelo e um vermelho. Num dos dispositivos, o verde tem a palavra \u201csim\u201d, um \u201ctalvez\u201d amarelo e um \u201cn\u00e3o\u201d a vermelho. No outro equipamento, as palavras s\u00e3o substitu\u00eddas por s\u00edmbolos com o mesmo significado.<\/p>\n<p>Como todos os projetos, \u201ca ideia \u00e9 ir evoluindo\u201d mesmo depois de j\u00e1 estarem nas m\u00e3os \u2014 ou nos bra\u00e7os \u2014 dos pacientes. \u201cPodemos tirar as pe\u00e7as todas e substituir por outras, dependendo da dificuldade da pessoa. Por isso \u00e9 que temos \u00edmans. Se a pessoa quiser ir \u00e0 casa de banho, se quiser comer\u2026 a ideia \u00e9 ir fazendo mais s\u00edmbolos\u201d, explica a coordenadora do 3D Printing Centre for Health. Depois de terem ficado um m\u00eas a testar o primeiro prot\u00f3tipo enviado, a ULS Gaia\/Espinho j\u00e1 encomendou outras tr\u00eas unidades.<\/p>\n<p>Todas as semanas t\u00eam tido entregas para fazer, dos mais variados engenhos, para as mais variadas demografias. Enquanto j\u00e1 t\u00eam pronto um molde que foi adaptado para ajudar na recupera\u00e7\u00e3o de uma cirurgia ao polegar, d\u00e3o uns ajustes finais a uma pr\u00f3tese destinada a um ex-combatente. \u201cEra militar durante a guerra colonial, uma bomba explodiu e ficou biamputado e cego\u201d, conta Cl\u00e1udia Quaresma, referindo que antes de encontrar o centro na Caparica, utilizava uma pr\u00f3tese em madeira feita por um amigo, mas que entretanto se tinha tornado demasiado pesada.<\/p>\n<p>O \u201cpassa a palavra\u201d tornou-se a melhor publicidade do 3D Printing Centre for Health, confessa a investigadora Ana Maria Oliveira, enquanto trabalha no seu projeto individual de doutoramento. Para al\u00e9m dos hospitais com os quais j\u00e1 colaboram, v\u00e1rias associa\u00e7\u00f5es de pais de crian\u00e7as com amputa\u00e7\u00f5es ou institui\u00e7\u00f5es de solidariedade social promovem os trabalhos do centro, o que se tem traduzido numa maior procura pelos seus dispositivos fora do mercado habitual.<\/p>\n<p>Carolina nasceu com uma amputa\u00e7\u00e3o cong\u00e9nita da m\u00e3o esquerda. Sempre viu as outras pessoas fazer coisas que ela n\u00e3o conseguia e, quando a fam\u00edlia ficou a conhecer os servi\u00e7os deste projeto, n\u00e3o foi preciso pensar duas vezes. Para garantir que o conforto \u00e9 m\u00e1ximo e que se consegue extrair a m\u00e1xima utilidade das pr\u00f3teses, os volunt\u00e1rios fazem moldes espec\u00edficos para cada caso que recebem. Para al\u00e9m disso, os futuros utilizadores t\u00eam \u201ccontrolo criativo total\u201d no processo do desenho, tendo a possibilidade de escolher a cor do modelo que lhes vai chegar. \u201cQueremos ter a certeza de que se sentem bem com aquilo que lhes damos\u201d, afirma a coordenadora Cl\u00e1udia Quaresma.<\/p>\n<p>J\u00e1 houve, por exemplo, quem tenha pedido uma pr\u00f3tese arco-\u00edris \u2014 e a tenha recebido da equipa. O pedido de Carolina foi mais simples: uma m\u00e3o cor-de-rosa. Al\u00e9m de importante para determinadas atividades, como cortar a comida ou escrever com uma caneta, Carolina tinha uma clara prioridade definida, que p\u00f4de executar assim que a sua pr\u00f3tese ficou pronta. Quando ficou \u2018equipada\u2019 com a sua \u201cnova\u201d m\u00e3o cor-de-rosa, tal como a imaginou, a primeira coisa que fez foi o gesto de um cora\u00e7\u00e3o com as duas m\u00e3os, algo que via outros a fazer com frequ\u00eancia e que sempre sonhou vir a replicar. O gesto fez os pais cair em l\u00e1grimas, e os membros do centro tiveram de se \u201cmanter firmes\u201d para n\u00e3o perder a compostura.<\/p>\n","protected":false},"excerpt":{"rendered":"\u201cEsta pulseira surge numa parceria com a ULS de Gaia\/Espinho. Queriam uma pulseira para pessoas que t\u00eam dificuldades&hellip;\n","protected":false},"author":2,"featured_media":188131,"comment_status":"","ping_status":"","sticky":false,"template":"","format":"standard","meta":{"footnotes":""},"categories":[10],"tags":[27,28,442,15,16,14,25,26,21,22,12,13,19,20,861,32,23,24,33,679,2946,110,17,18,29,30,31],"class_list":{"0":"post-188130","1":"post","2":"type-post","3":"status-publish","4":"format-standard","5":"has-post-thumbnail","7":"category-portugal","8":"tag-breaking-news","9":"tag-breakingnews","10":"tag-ciu00eancia","11":"tag-featured-news","12":"tag-featurednews","13":"tag-headlines","14":"tag-latest-news","15":"tag-latestnews","16":"tag-main-news","17":"tag-mainnews","18":"tag-news","19":"tag-noticias","20":"tag-noticias-principais","21":"tag-noticiasprincipais","22":"tag-observador","23":"tag-portugal","24":"tag-principais-noticias","25":"tag-principaisnoticias","26":"tag-pt","27":"tag-reportagem","28":"tag-sau00fade","29":"tag-tecnologia","30":"tag-top-stories","31":"tag-topstories","32":"tag-ultimas","33":"tag-ultimas-noticias","34":"tag-ultimasnoticias"},"share_on_mastodon":{"url":"https:\/\/pubeurope.com\/@pt\/115719277511872815","error":""},"_links":{"self":[{"href":"https:\/\/www.europesays.com\/pt\/wp-json\/wp\/v2\/posts\/188130","targetHints":{"allow":["GET"]}}],"collection":[{"href":"https:\/\/www.europesays.com\/pt\/wp-json\/wp\/v2\/posts"}],"about":[{"href":"https:\/\/www.europesays.com\/pt\/wp-json\/wp\/v2\/types\/post"}],"author":[{"embeddable":true,"href":"https:\/\/www.europesays.com\/pt\/wp-json\/wp\/v2\/users\/2"}],"replies":[{"embeddable":true,"href":"https:\/\/www.europesays.com\/pt\/wp-json\/wp\/v2\/comments?post=188130"}],"version-history":[{"count":0,"href":"https:\/\/www.europesays.com\/pt\/wp-json\/wp\/v2\/posts\/188130\/revisions"}],"wp:featuredmedia":[{"embeddable":true,"href":"https:\/\/www.europesays.com\/pt\/wp-json\/wp\/v2\/media\/188131"}],"wp:attachment":[{"href":"https:\/\/www.europesays.com\/pt\/wp-json\/wp\/v2\/media?parent=188130"}],"wp:term":[{"taxonomy":"category","embeddable":true,"href":"https:\/\/www.europesays.com\/pt\/wp-json\/wp\/v2\/categories?post=188130"},{"taxonomy":"post_tag","embeddable":true,"href":"https:\/\/www.europesays.com\/pt\/wp-json\/wp\/v2\/tags?post=188130"}],"curies":[{"name":"wp","href":"https:\/\/api.w.org\/{rel}","templated":true}]}}