{"id":188157,"date":"2025-12-14T18:33:28","date_gmt":"2025-12-14T18:33:28","guid":{"rendered":"https:\/\/www.europesays.com\/pt\/188157\/"},"modified":"2025-12-14T18:33:28","modified_gmt":"2025-12-14T18:33:28","slug":"doomsday-final-do-trailer-vaza-online","status":"publish","type":"post","link":"https:\/\/www.europesays.com\/pt\/188157\/","title":{"rendered":"Doomsday \u2013 Final do trailer vaza online"},"content":{"rendered":"<p><a href=\"https:\/\/legadodamarvel.com.br\/filme\/vingadores-doomsday\" rel=\"nofollow noopener\" target=\"_blank\">Vingadores: Doomsday<\/a> lan\u00e7ar\u00e1 o seu primeiro trailer nesta semana, e, no entanto, o seu lan\u00e7amento online ser\u00e1 totalmente diferente do que poder\u00edamos esperar.<\/p>\n<p>A Marvel Studios optou por uma estrat\u00e9gia in\u00e9dita parara o filme. Ser\u00e3o 4 trailers no total, um a cada semana. Por\u00e9m, eles ser\u00e3o exibidos nas sess\u00f5es de Avatar: Fogo e Cinzas, que estreia no dia 18.<\/p>\n<p>Ou seja, se voc\u00ea for assistir Avatar na primeira semana de estreia, ir\u00e1 encontrar a um trailer do filme. Se for na segunda semana, j\u00e1 encontrar\u00e1 um novo trailer, e assim por diante.<\/p>\n<p>A estrat\u00e9gia \u00e9 para impulsionar a venda de ingressos do filme, incentivando os f\u00e3s da Marvel a irem ao cinema. Por\u00e9m, \u00e9 inevit\u00e1vel como muitas vers\u00f5es gravadas acabem caindo na internet.<\/p>\n<p>Vingadores: Doomsday tem o fim do trailer vazado online!<\/p>\n<p>Enquanto as vers\u00f5es pirateadas n\u00e3o come\u00e7am a pipocar na internet, acabamos de descobrir, pelo menos, como ser\u00e1 o final de todos os 4 trailers do filme.<\/p>\n<p>O jornalista <a href=\"https:\/\/x.com\/DanielRPK\" rel=\"nofollow\">Daniel Richtman<\/a> acabou vazando como cada trailer do filme ir\u00e1 encerrar, e ser\u00e1 de uma forma bem criativa. Segundo o jornalista, cada trailer ir\u00e1 encerrar com uma contagem regressiva parecida com essa:<\/p>\n<p> <img loading=\"lazy\" decoding=\"async\" class=\"lazyload aligncenter size-full wp-image-166547\" viewbox=\"0 0 780 365\" src=\"https:\/\/www.europesays.com\/pt\/wp-content\/uploads\/2025\/12\/vingadores-doomsday-final-trailer-online-legadodamarvel.webp.webp\" alt=\"vingadores doomsday final trailer online\" width=\"780\" height=\"365\"  data-\/><\/p>\n<p>Sendo assim, essa \u00e9 a primeira informa\u00e7\u00e3o de Vingadores: Doomsday, o seu trailer, que acaba vazando online. A contagem regressiva n\u00e3o \u00e9 apenas para a estreia do filme, que acontecer\u00e1 em dezembro de 2026.<\/p>\n<p>\u00c9 tamb\u00e9m para o \u201cfim do mundo\u201d, o significado do subt\u00edtulo \u201cDoomsday\u201d. Ou seja, \u00e9 uma escolha criativa de que deve acompanhar todo o marketing do filme.<\/p>\n<p><strong>LEIA TAMB\u00c9M:<\/strong><\/p>\n<p>O que acharam? Deixe sua opini\u00e3o nos coment\u00e1rios e, por fim, continue acompanhando o\u00a0<strong>Legado da Marvel\u00a0<\/strong>para n\u00e3o perder nenhuma novidade!<\/p>\n","protected":false},"excerpt":{"rendered":"Vingadores: Doomsday lan\u00e7ar\u00e1 o seu primeiro trailer nesta semana, e, no entanto, o seu lan\u00e7amento online ser\u00e1 totalmente&hellip;\n","protected":false},"author":2,"featured_media":188158,"comment_status":"","ping_status":"","sticky":false,"template":"","format":"standard","meta":{"footnotes":""},"categories":[140],"tags":[114,115,147,148,146,32,33,14176],"class_list":{"0":"post-188157","1":"post","2":"type-post","3":"status-publish","4":"format-standard","5":"has-post-thumbnail","7":"category-filmes","8":"tag-entertainment","9":"tag-entretenimento","10":"tag-film","11":"tag-filmes","12":"tag-movies","13":"tag-portugal","14":"tag-pt","15":"tag-vingadores-doomsday"},"share_on_mastodon":{"url":"https:\/\/pubeurope.com\/@pt\/115719360057380614","error":""},"_links":{"self":[{"href":"https:\/\/www.europesays.com\/pt\/wp-json\/wp\/v2\/posts\/188157","targetHints":{"allow":["GET"]}}],"collection":[{"href":"https:\/\/www.europesays.com\/pt\/wp-json\/wp\/v2\/posts"}],"about":[{"href":"https:\/\/www.europesays.com\/pt\/wp-json\/wp\/v2\/types\/post"}],"author":[{"embeddable":true,"href":"https:\/\/www.europesays.com\/pt\/wp-json\/wp\/v2\/users\/2"}],"replies":[{"embeddable":true,"href":"https:\/\/www.europesays.com\/pt\/wp-json\/wp\/v2\/comments?post=188157"}],"version-history":[{"count":0,"href":"https:\/\/www.europesays.com\/pt\/wp-json\/wp\/v2\/posts\/188157\/revisions"}],"wp:featuredmedia":[{"embeddable":true,"href":"https:\/\/www.europesays.com\/pt\/wp-json\/wp\/v2\/media\/188158"}],"wp:attachment":[{"href":"https:\/\/www.europesays.com\/pt\/wp-json\/wp\/v2\/media?parent=188157"}],"wp:term":[{"taxonomy":"category","embeddable":true,"href":"https:\/\/www.europesays.com\/pt\/wp-json\/wp\/v2\/categories?post=188157"},{"taxonomy":"post_tag","embeddable":true,"href":"https:\/\/www.europesays.com\/pt\/wp-json\/wp\/v2\/tags?post=188157"}],"curies":[{"name":"wp","href":"https:\/\/api.w.org\/{rel}","templated":true}]}}