{"id":188171,"date":"2025-12-14T18:41:08","date_gmt":"2025-12-14T18:41:08","guid":{"rendered":"https:\/\/www.europesays.com\/pt\/188171\/"},"modified":"2025-12-14T18:41:08","modified_gmt":"2025-12-14T18:41:08","slug":"zelensky-deixa-cair-adesao-da-ucrania-a-nato-em-troca-de-garantias-de-seguranca-guerra-na-ucrania","status":"publish","type":"post","link":"https:\/\/www.europesays.com\/pt\/188171\/","title":{"rendered":"Zelensky deixa cair ades\u00e3o da Ucr\u00e2nia \u00e0 NATO em troca de garantias de seguran\u00e7a | Guerra na Ucr\u00e2nia"},"content":{"rendered":"<p>O Presidente da Ucr\u00e2nia, Volodymyr Zelensky, afirmou este domingo que est\u00e1 preparado para deixar cair a ades\u00e3o do seu pa\u00eds \u00e0 NATO em troca de garantias de seguran\u00e7a por parte do Ocidente, uma das exig\u00eancias russas para p\u00f4r fim \u00e0 <a href=\"https:\/\/www.publico.pt\/guerra-ucrania\" rel=\"nofollow noopener\" target=\"_blank\">guerra<\/a>. O l\u00edder ucraniano rejeitou, no entanto, qualquer hip\u00f3tese de ceder territ\u00f3rio \u00e0 R\u00fassia, um dos pontos sobre o qual os Estados Unidos t\u00eam exercido maior press\u00e3o.<\/p>\n<p>As declara\u00e7\u00f5es de Zelensky, em resposta a perguntas de jornalistas atrav\u00e9s da aplica\u00e7\u00e3o de mensagens WhatsApp, precederam as conversa\u00e7\u00f5es com o enviado especial do Presidente norte-americano, Donald Trump, Steve Witkoff, e com o genro de Trump, Jared Kushner, no \u00e2mbito de uma s\u00e9rie de reuni\u00f5es em Berlim entre respons\u00e1veis ucranianos, norte-americanos e europeus.<\/p>\n<p>A decis\u00e3o de recuar na sua pretens\u00e3o de juntar-se \u00e0 Alian\u00e7a Atl\u00e2ntica representa uma significativa mudan\u00e7a de rumo para a Ucr\u00e2nia, que tem lutado para aderir \u00e0 NATO como salvaguarda contra ataques russos e que, inclusive, consagrou essa aspira\u00e7\u00e3o na sua Constitui\u00e7\u00e3o. Este domingo, Zelensky admitiu que as garantias de seguran\u00e7a dos Estados Unidos, bem como de parceiros europeus e de outros pa\u00edses, em substitui\u00e7\u00e3o da ades\u00e3o \u00e0 NATO, constituem um compromisso da parte ucraniana.<\/p>\n<p>\u201cDesde o in\u00edcio, o desejo da Ucr\u00e2nia foi aderir \u00e0 NATO, porque estas s\u00e3o garantias reais de seguran\u00e7a. Alguns parceiros dos Estados Unidos e da Europa n\u00e3o apoiaram esta via\u201d, afirmou o Presidente ucraniano.<\/p>\n<p>\u201cAssim, hoje, as garantias bilaterais de seguran\u00e7a entre a Ucr\u00e2nia e os Estados Unidos, garantias semelhantes ao Artigo 5.\u00ba por parte dos EUA, e garantias de seguran\u00e7a dos nossos parceiros europeus, bem como de outros pa\u00edses \u2014 Canad\u00e1, Jap\u00e3o \u2014 representam uma oportunidade para evitar uma nova invas\u00e3o russa\u201d, declarou, acrescentando: \u201cE isto j\u00e1 \u00e9 um compromisso da nossa parte\u201d, acrescentou, vincando que essas garantias devem ter um car\u00e1cter juridicamente vinculativo.<\/p>\n<p>O Presidente russo, Vladimir Putin, tem exigido repetidamente que a Ucr\u00e2nia renuncie oficialmente \u00e0s suas ambi\u00e7\u00f5es de ades\u00e3o \u00e0 NATO e retire as suas tropas de cerca de 10% da regi\u00e3o do <a href=\"https:\/\/www.publico.pt\/2025\/12\/04\/mundo\/noticia\/putin-insiste-ira-anexar-donbass-forca-negociacoes-2157027\" rel=\"nofollow noopener\" target=\"_blank\">Donbass <\/a>que Kiev ainda controla. Moscovo tem tamb\u00e9m afirmado que a Ucr\u00e2nia deve ser um pa\u00eds neutro e que n\u00e3o poder\u00e3o estar estacionadas tropas da NATO no seu territ\u00f3rio.<\/p>\n<p>Fontes russas indicaram no in\u00edcio deste ano \u00e0 Reuters que Putin pretende um compromisso \u201cpor escrito\u201d das principais pot\u00eancias ocidentais de n\u00e3o alargar a NATO para Leste, ou seja, excluindo formalmente n\u00e3o s\u00f3 a Ucr\u00e2nia como tamb\u00e9m outros potenciais pretendentes, como a Moldova.<\/p>\n<p>Zelensky manifestou tamb\u00e9m a sua oposi\u00e7\u00e3o \u00e0 ideia norte-americana de criar uma <a href=\"https:\/\/www.publico.pt\/2025\/12\/12\/mundo\/noticia\/proposta-acordo-paz-preve-adesao-ucrania-ue-2027-financial-times-2157838\" rel=\"nofollow noopener\" target=\"_blank\">zona econ\u00f3mica livre<\/a> desmilitarizada no Donetsk, uma proposta que v\u00ea como invi\u00e1vel.<\/p>\n<p>\u201cN\u00e3o considero isto justo, porque quem ir\u00e1 gerir essa zona econ\u00f3mica?\u201d, questionou o l\u00edder ucraniano. \u201cSe estamos a falar de algum tipo de zona tamp\u00e3o ao longo da linha de contacto, se estamos a falar de uma zona econ\u00f3mica e acreditamos que apenas uma miss\u00e3o policial \u00e9 suficiente e que as tropas deveriam retirar-se, ent\u00e3o a quest\u00e3o \u00e9 muito simples. Se as tropas ucranianas se retirarem cinco a dez quil\u00f3metros, por exemplo, porque \u00e9 que as tropas russas n\u00e3o se retirariam a mesma dist\u00e2ncia para o interior dos territ\u00f3rios ocupados?\u201d, acrescentou.<\/p>\n<p>Sob press\u00e3o de Donald Trump para assinar um acordo de paz que inicialmente apoiava as exig\u00eancias de Moscovo, Zelensky voltou a acusar a R\u00fassia de prolongar a guerra atrav\u00e9s de bombardeamentos contra cidades e infra-estruturas de electricidade e abastecimento de \u00e1gua da Ucr\u00e2nia.<\/p>\n<p>Na mesa de negocia\u00e7\u00f5es este domingo com os enviados dos EUA em Berlim e amanh\u00e3, ainda na capital alem\u00e3, com v\u00e1rios l\u00edderes europeus, est\u00e1 o <a href=\"https:\/\/www.publico.pt\/2025\/12\/10\/mundo\/noticia\/ucrania-ja-apresentou-recente-versao-plano-paz-eua-2157722\" rel=\"nofollow noopener\" target=\"_blank\">plano <\/a>com 20 pontos, um deles o cessar-fogo ao longo das actuais linhas da frente, que Zelensky considera agora uma op\u00e7\u00e3o justa.<\/p>\n<p>O Reino Unido, a Fran\u00e7a e a Alemanha t\u00eam trabalhado no aperfei\u00e7oamento das propostas dos Estados Unidos, que, num projecto divulgado no m\u00eas passado, defendiam que Kiev cedesse mais territ\u00f3rio, abandonasse a ambi\u00e7\u00e3o de aderir \u00e0 NATO e aceitasse limita\u00e7\u00f5es \u00e0s suas for\u00e7as armadas. Os aliados europeus descreveram este momento como \u201ccr\u00edtico\u201d para o futuro da Ucr\u00e2nia e procuraram refor\u00e7ar as finan\u00e7as de Kiev, utilizando activos congelados do banco central russo para financiar o or\u00e7amento militar e civil ucraniano, uma solu\u00e7\u00e3o que vai ser discutida no Conselho Europeu marcado para quinta e sexta-feira em Bruxelas.<\/p>\n","protected":false},"excerpt":{"rendered":"O Presidente da Ucr\u00e2nia, Volodymyr Zelensky, afirmou este domingo que est\u00e1 preparado para deixar cair a ades\u00e3o do&hellip;\n","protected":false},"author":2,"featured_media":188172,"comment_status":"","ping_status":"","sticky":false,"template":"","format":"standard","meta":{"footnotes":""},"categories":[8],"tags":[27,28,92,15,16,889,14,25,26,21,22,62,12,13,19,20,32,23,24,33,839,17,18,840,29,30,31,2416],"class_list":{"0":"post-188171","1":"post","2":"type-post","3":"status-publish","4":"format-standard","5":"has-post-thumbnail","7":"category-principais-noticias","8":"tag-breaking-news","9":"tag-breakingnews","10":"tag-donald-trump","11":"tag-featured-news","12":"tag-featurednews","13":"tag-guerra-na-ucrania","14":"tag-headlines","15":"tag-latest-news","16":"tag-latestnews","17":"tag-main-news","18":"tag-mainnews","19":"tag-mundo","20":"tag-news","21":"tag-noticias","22":"tag-noticias-principais","23":"tag-noticiasprincipais","24":"tag-portugal","25":"tag-principais-noticias","26":"tag-principaisnoticias","27":"tag-pt","28":"tag-russia","29":"tag-top-stories","30":"tag-topstories","31":"tag-ucrania","32":"tag-ultimas","33":"tag-ultimas-noticias","34":"tag-ultimasnoticias","35":"tag-volodymyr-zelensky"},"share_on_mastodon":{"url":"https:\/\/pubeurope.com\/@pt\/115719391589460905","error":""},"_links":{"self":[{"href":"https:\/\/www.europesays.com\/pt\/wp-json\/wp\/v2\/posts\/188171","targetHints":{"allow":["GET"]}}],"collection":[{"href":"https:\/\/www.europesays.com\/pt\/wp-json\/wp\/v2\/posts"}],"about":[{"href":"https:\/\/www.europesays.com\/pt\/wp-json\/wp\/v2\/types\/post"}],"author":[{"embeddable":true,"href":"https:\/\/www.europesays.com\/pt\/wp-json\/wp\/v2\/users\/2"}],"replies":[{"embeddable":true,"href":"https:\/\/www.europesays.com\/pt\/wp-json\/wp\/v2\/comments?post=188171"}],"version-history":[{"count":0,"href":"https:\/\/www.europesays.com\/pt\/wp-json\/wp\/v2\/posts\/188171\/revisions"}],"wp:featuredmedia":[{"embeddable":true,"href":"https:\/\/www.europesays.com\/pt\/wp-json\/wp\/v2\/media\/188172"}],"wp:attachment":[{"href":"https:\/\/www.europesays.com\/pt\/wp-json\/wp\/v2\/media?parent=188171"}],"wp:term":[{"taxonomy":"category","embeddable":true,"href":"https:\/\/www.europesays.com\/pt\/wp-json\/wp\/v2\/categories?post=188171"},{"taxonomy":"post_tag","embeddable":true,"href":"https:\/\/www.europesays.com\/pt\/wp-json\/wp\/v2\/tags?post=188171"}],"curies":[{"name":"wp","href":"https:\/\/api.w.org\/{rel}","templated":true}]}}