{"id":188214,"date":"2025-12-14T19:14:08","date_gmt":"2025-12-14T19:14:08","guid":{"rendered":"https:\/\/www.europesays.com\/pt\/188214\/"},"modified":"2025-12-14T19:14:08","modified_gmt":"2025-12-14T19:14:08","slug":"lore-improta-e-leo-santana-se-emocionam-em-apresentacao-da-filha-video","status":"publish","type":"post","link":"https:\/\/www.europesays.com\/pt\/188214\/","title":{"rendered":"Lore Improta e L\u00e9o Santana se emocionam em apresenta\u00e7\u00e3o da filha; v\u00eddeo"},"content":{"rendered":"<p><a href=\"https:\/\/caras.com.br\/tags\/lore-improta\" rel=\"nofollow noopener\" target=\"_blank\"><strong>Lore Improta<\/strong><\/a> e <a href=\"https:\/\/caras.com.br\/tags\/leo-santana\" rel=\"nofollow noopener\" target=\"_blank\"><strong>L\u00e9o Santana<\/strong><\/a> viveram um momento especial na noite do \u00faltimo s\u00e1bado, 13, ao acompanharem uma apresenta\u00e7\u00e3o escolar da filha, <strong>Liz,<\/strong> de 4 anos. O casal marcou presen\u00e7a no teatro onde a crian\u00e7a se apresentou e fez quest\u00e3o de dividir o registro com os seguidores.<\/p>\n<p>Em publica\u00e7\u00e3o no Instagram, Lore e L\u00e9o apareceram ao lado de familiares, reunidos para prestigiar a herdeira no palco. As imagens mostram o clima de emo\u00e7\u00e3o e orgulho enquanto assistiam \u00e0 performance da filha.<\/p>\n<p>Na legenda, Lore destacou o impacto do momento para os dois, acostumados a grandes palcos ao longo da carreira. \u201cDe todos os palcos que j\u00e1 pisamos em nossas vidas, o que mais nos emociona \u00e9 o que a nossa filha brilha\u201d, escreveu. A\u00a0influenciadora tamb\u00e9m comentou sobre a mistura de sentimentos ao acompanhar as apresenta\u00e7\u00f5es da menina.<\/p>\n<p>Lore ainda completou a homenagem exaltando a personalidade de Liz e a alegria que ela traz para a fam\u00edlia. \u201cLiz sempre nos surpreende e nos enche de orgulho e alegria, nossa fam\u00edlia \u00e9 muito feLIZ com essa b\u00ean\u00e7\u00e3o! Te amamos demais, meu amor\u201d, disse.<\/p>\n<p>Lore Improta fala sobre exerc\u00edcios durante a gravidez<\/p>\n<p>Gr\u00e1vida de um menino, Lore Improta usou as redes sociais para comentar sua rotina de exerc\u00edcios f\u00edsicos durante a gesta\u00e7\u00e3o. A influenciadora afirmou que tem mantido treinos na academia e ensaios com a Unidos do Viradouro, o que acabou gerando questionamentos e preocupa\u00e7\u00e3o por parte de alguns seguidores.<\/p>\n<p>Nos stories, Lore explicou que todas as atividades s\u00e3o realizadas com acompanhamento e libera\u00e7\u00e3o m\u00e9dica. Segundo ela, a continuidade dos exerc\u00edcios n\u00e3o representa risco porque seu corpo j\u00e1 estava adaptado antes da gravidez. A influenciadora destacou que sempre teve uma rotina ativa, com dan\u00e7a, samba e treinos frequentes.<\/p>\n<p>Ela tamb\u00e9m refor\u00e7ou que a gesta\u00e7\u00e3o segue saud\u00e1vel e sem intercorr\u00eancias. Lore afirmou que realiza acompanhamento m\u00e9dico regular e que, caso surja qualquer recomenda\u00e7\u00e3o para reduzir ou interromper as atividades, isso ser\u00e1 feito imediatamente.<\/p>\n<p>Leia tamb\u00e9m: <a href=\"https:\/\/caras.com.br\/bebe\/gravida-lora-improta-mostra-como-esta-sua-barriga-em-foto-com-leo-santana.phtml\" rel=\"nofollow noopener\" target=\"_blank\">Gr\u00e1vida, Lore Improta mostra como est\u00e1 sua barriga em foto com L\u00e9o Santana<\/a><\/p>\n<p>        <a href=\"https:\/\/caras.com.br\/autor\/izabella-nicolau\" rel=\"nofollow noopener\" target=\"_blank\">&#13;<br \/>\n          <img loading=\"lazy\" decoding=\"async\" alt=\"Izabella Nicolau\" src=\"https:\/\/www.europesays.com\/pt\/wp-content\/uploads\/2025\/10\/1761546134_794_whatsapp_image_2025-08-12_at_15.10.50_1_sqmd.jpeg\" class=\"avatar avatar-115 photo rounded-circle\" height=\"115\" width=\"115\"\/>        <\/a><\/p>\n<p><strong>Izabella Nicolau<\/strong> \u00e9 rep\u00f3rter de conte\u00fado do site CARAS. Formada em jornalismo, j\u00e1 passou por sites como Observat\u00f3rio do Cinema e Ultraverso. Escreve sobre cultura, entretenimento e celebridades.<\/p>\n","protected":false},"excerpt":{"rendered":"Lore Improta e L\u00e9o Santana viveram um momento especial na noite do \u00faltimo s\u00e1bado, 13, ao acompanharem uma&hellip;\n","protected":false},"author":2,"featured_media":188215,"comment_status":"","ping_status":"","sticky":false,"template":"","format":"standard","meta":{"footnotes":""},"categories":[145],"tags":[211,210,114,115,11500,11499,32,33],"class_list":{"0":"post-188214","1":"post","2":"type-post","3":"status-publish","4":"format-standard","5":"has-post-thumbnail","7":"category-celebridades","8":"tag-celebridades","9":"tag-celebrities","10":"tag-entertainment","11":"tag-entretenimento","12":"tag-leo-santana","13":"tag-lore-improta","14":"tag-portugal","15":"tag-pt"},"share_on_mastodon":{"url":"https:\/\/pubeurope.com\/@pt\/115719521415284488","error":""},"_links":{"self":[{"href":"https:\/\/www.europesays.com\/pt\/wp-json\/wp\/v2\/posts\/188214","targetHints":{"allow":["GET"]}}],"collection":[{"href":"https:\/\/www.europesays.com\/pt\/wp-json\/wp\/v2\/posts"}],"about":[{"href":"https:\/\/www.europesays.com\/pt\/wp-json\/wp\/v2\/types\/post"}],"author":[{"embeddable":true,"href":"https:\/\/www.europesays.com\/pt\/wp-json\/wp\/v2\/users\/2"}],"replies":[{"embeddable":true,"href":"https:\/\/www.europesays.com\/pt\/wp-json\/wp\/v2\/comments?post=188214"}],"version-history":[{"count":0,"href":"https:\/\/www.europesays.com\/pt\/wp-json\/wp\/v2\/posts\/188214\/revisions"}],"wp:featuredmedia":[{"embeddable":true,"href":"https:\/\/www.europesays.com\/pt\/wp-json\/wp\/v2\/media\/188215"}],"wp:attachment":[{"href":"https:\/\/www.europesays.com\/pt\/wp-json\/wp\/v2\/media?parent=188214"}],"wp:term":[{"taxonomy":"category","embeddable":true,"href":"https:\/\/www.europesays.com\/pt\/wp-json\/wp\/v2\/categories?post=188214"},{"taxonomy":"post_tag","embeddable":true,"href":"https:\/\/www.europesays.com\/pt\/wp-json\/wp\/v2\/tags?post=188214"}],"curies":[{"name":"wp","href":"https:\/\/api.w.org\/{rel}","templated":true}]}}