{"id":188226,"date":"2025-12-14T19:23:08","date_gmt":"2025-12-14T19:23:08","guid":{"rendered":"https:\/\/www.europesays.com\/pt\/188226\/"},"modified":"2025-12-14T19:23:08","modified_gmt":"2025-12-14T19:23:08","slug":"novas-imagens-revelam-o-visual-definitivo-do-xiaomi-17-ultra","status":"publish","type":"post","link":"https:\/\/www.europesays.com\/pt\/188226\/","title":{"rendered":"Novas imagens revelam o visual definitivo do Xiaomi 17 Ultra"},"content":{"rendered":"<p class=\"leading\">\n                Uma nova fuga de informa\u00e7\u00e3o acaba de revelar como vai ser o design final do Xiaomi 17 Ultra.            <\/p>\n<p class=\"article-image \"><img decoding=\"async\" alt=\"xiaomi\" height=\"900\" src=\"https:\/\/www.europesays.com\/pt\/wp-content\/uploads\/2025\/12\/xiaomi-17-1.jpg\" width=\"1600\" fetchpriority=\"high\"\/><\/p>\n<p><a href=\"https:\/\/whatsapp.com\/channel\/0029Va54F7B7j6gBNXobAM16\" rel=\"nofollow noopener\" class=\"banner-deals mb20 banner-deals-rotation banner-deals-rotation--whatsapp\" target=\"_blank\"><\/p>\n<p>        Entra no nosso canal Whatsapp<br \/>e recebe as melhores ofertas<\/p>\n<p>        ENTRAR\n    <\/p>\n<p><\/a><\/p>\n<p>Com a apresenta\u00e7\u00e3o oficial cada vez mais iminente, o <a href=\"https:\/\/4gnews.pt\/xiaomi-17-ultra-surge-em-imagem-real-para-confirmar-um-dos-receios-dos-fas\/\" target=\"_blank\" rel=\"noreferrer noopener nofollow\"><strong>Xiaomi 17 Ultra<\/strong><\/a> volta a estar no centro das aten\u00e7\u00f5es gra\u00e7as a novas fugas de informa\u00e7\u00e3o. As mais recentes renderiza\u00e7\u00f5es digitais apontam para um design praticamente final e confirmam <strong>mudan\u00e7as relevantes no m\u00f3dulo de c\u00e2maras<\/strong>, bem como especifica\u00e7\u00f5es de topo que colocam este modelo entre os smartphones mais ambiciosos da marca.<\/p>\n<p>De acordo com imagens partilhadas por fontes chinesas pr\u00f3ximas da Xiaomi, o <a href=\"https:\/\/4gnews.pt\/xiaomi-17-ultra-ja-ha-previsao-de-data-de-lancamento-e-falta-bem-pouco\/\" target=\"_blank\" rel=\"noreferrer noopener nofollow\">novo topo de gama<\/a> preserva a linguagem visual da linha Ultra, mas introduz ajustes importantes para acomodar um sistema fotogr\u00e1fico ainda mais avan\u00e7ado.<\/p>\n<p>Mudan\u00e7as no design<\/p>\n<p class=\"article-image \"><img decoding=\"async\" alt=\"xiaomi 17 ultra\" height=\"900\" width=\"1600\" class=\"lazyload\" src=\"https:\/\/www.europesays.com\/pt\/wp-content\/uploads\/2025\/12\/xiaomi-17.jpg\" loading=\"lazy\"\/><\/p>\n<p>O destaque continua a ser o grande m\u00f3dulo circular na traseira, uma assinatura dos modelos Ultra. No entanto, a disposi\u00e7\u00e3o das c\u00e2maras foi reorganizada. A lente perisc\u00f3pio passa agora a ocupar a zona superior do c\u00edrculo, enquanto as outras duas c\u00e2maras surgem alinhadas logo abaixo. O conjunto \u00e9 completado por um flash LED reposicionado, mantendo o log\u00f3tipo da Leica em evid\u00eancia no centro do m\u00f3dulo.<\/p>\n<p>Estas renderiza\u00e7\u00f5es coincidem com imagens reais captadas recentemente em Pequim, onde o equipamento foi visto em testes de rua. O smartphone apresenta laterais planas em metal, refor\u00e7ando o aspeto premium e robusto. As cores reveladas incluem uma vers\u00e3o branca e outra em tom alaranjado, sugerindo acabamentos distintos para diferentes p\u00fablicos.<\/p>\n<p>Sensor perisc\u00f3pico impressiona<\/p>\n<p>No campo das especifica\u00e7\u00f5es, o Xiaomi 17 Ultra promete n\u00e3o desiludir. No que diz respeito ao ecr\u00e3, tudo aponta para o <strong>OLED LTPO de 6,85 polegadas<\/strong>. A <strong>resolu\u00e7\u00e3o <\/strong>ser\u00e1<strong> 2K<\/strong> e <strong>taxa de atualiza\u00e7\u00e3o<\/strong> at\u00e9 <strong>120 Hz<\/strong>.<\/p>\n<p>O processador dever\u00e1 ser o novinho <strong>Qualcomm Snapdragon 8 Elite Gen 5<\/strong>. Al\u00e9m disso, dever\u00e1 existir um sistema de refrigera\u00e7\u00e3o com c\u00e2mara de vapor melhorada.<\/p>\n<p>A <strong>fotografia<\/strong> volta a ser um dos grandes trunfos. O Xiaomi 17 Ultra dever\u00e1 contar com uma <strong>c\u00e2mara principal de 50 MP<\/strong>, uma <strong>ultra grande angular tamb\u00e9m de 50 MP<\/strong> e um impressionante <strong>sensor perisc\u00f3pio de 200 MP<\/strong>, vocacionado para zoom de alta defini\u00e7\u00e3o sem perda significativa de qualidade.<\/p>\n<p>Outro ponto forte ser\u00e1 a autonomia. As fugas indicam uma bateria de 6.800 mAh, acompanhada por carregamento r\u00e1pido de 90W por cabo. O smartphone dever\u00e1 ainda contar com certifica\u00e7\u00e3o IP69, garantindo elevada resist\u00eancia \u00e0 \u00e1gua e ao p\u00f3.<\/p>\n<p>O lan\u00e7amento est\u00e1 previsto com <strong>Android 16<\/strong> de f\u00e1brica, j\u00e1 sob a nova interface <strong><a href=\"https:\/\/4gnews.pt\/xiaomi-ja-testa-o-hyperos-3-baseado-no-android-15-nestes-16-telemoveis-e-tablets\/\" target=\"_blank\" rel=\"noreferrer noopener nofollow\">HyperOS 3<\/a>,<\/strong> refor\u00e7ando a aposta da Xiaomi numa experi\u00eancia de software mais integrada e otimizada.<\/p>\n<p>Promo\u00e7\u00e3o do dia<br \/>\n<a href=\"https:\/\/amzn.to\/4iWxBbj\" target=\"_blank\" rel=\"nofollow noreferrer noopener\"><img decoding=\"async\" alt=\"XIAOMI 15T Pro 12+1024 GB\" height=\"488\" width=\"650\" class=\"lazyload\" src=\"https:\/\/www.europesays.com\/pt\/wp-content\/uploads\/2025\/12\/xiaomi-15t-pro-12-1024-gb-41jqameyeal-sl500.jpg\" loading=\"lazy\"\/><\/a><\/p>\n<p>829,00 \u20acAmazon<\/p>\n<p>999,90 \u20ac-17%<\/p>\n<p class=\"inline-related-title\">Editores 4gnews recomendam:<\/p>\n","protected":false},"excerpt":{"rendered":"Uma nova fuga de informa\u00e7\u00e3o acaba de revelar como vai ser o design final do Xiaomi 17 Ultra.&hellip;\n","protected":false},"author":2,"featured_media":188227,"comment_status":"","ping_status":"","sticky":false,"template":"","format":"standard","meta":{"footnotes":""},"categories":[84],"tags":[109,107,108,32,33,105,103,104,106,110],"class_list":{"0":"post-188226","1":"post","2":"type-post","3":"status-publish","4":"format-standard","5":"has-post-thumbnail","7":"category-ciencia-e-tecnologia","8":"tag-ciencia","9":"tag-ciencia-e-tecnologia","10":"tag-cienciaetecnologia","11":"tag-portugal","12":"tag-pt","13":"tag-science","14":"tag-science-and-technology","15":"tag-scienceandtechnology","16":"tag-technology","17":"tag-tecnologia"},"share_on_mastodon":{"url":"https:\/\/pubeurope.com\/@pt\/115719556873839568","error":""},"_links":{"self":[{"href":"https:\/\/www.europesays.com\/pt\/wp-json\/wp\/v2\/posts\/188226","targetHints":{"allow":["GET"]}}],"collection":[{"href":"https:\/\/www.europesays.com\/pt\/wp-json\/wp\/v2\/posts"}],"about":[{"href":"https:\/\/www.europesays.com\/pt\/wp-json\/wp\/v2\/types\/post"}],"author":[{"embeddable":true,"href":"https:\/\/www.europesays.com\/pt\/wp-json\/wp\/v2\/users\/2"}],"replies":[{"embeddable":true,"href":"https:\/\/www.europesays.com\/pt\/wp-json\/wp\/v2\/comments?post=188226"}],"version-history":[{"count":0,"href":"https:\/\/www.europesays.com\/pt\/wp-json\/wp\/v2\/posts\/188226\/revisions"}],"wp:featuredmedia":[{"embeddable":true,"href":"https:\/\/www.europesays.com\/pt\/wp-json\/wp\/v2\/media\/188227"}],"wp:attachment":[{"href":"https:\/\/www.europesays.com\/pt\/wp-json\/wp\/v2\/media?parent=188226"}],"wp:term":[{"taxonomy":"category","embeddable":true,"href":"https:\/\/www.europesays.com\/pt\/wp-json\/wp\/v2\/categories?post=188226"},{"taxonomy":"post_tag","embeddable":true,"href":"https:\/\/www.europesays.com\/pt\/wp-json\/wp\/v2\/tags?post=188226"}],"curies":[{"name":"wp","href":"https:\/\/api.w.org\/{rel}","templated":true}]}}