{"id":188231,"date":"2025-12-14T19:26:08","date_gmt":"2025-12-14T19:26:08","guid":{"rendered":"https:\/\/www.europesays.com\/pt\/188231\/"},"modified":"2025-12-14T19:26:08","modified_gmt":"2025-12-14T19:26:08","slug":"interrompidas-as-buscas-por-tres-pescadores-desaparecidos-apos-naufragio-em-caminha","status":"publish","type":"post","link":"https:\/\/www.europesays.com\/pt\/188231\/","title":{"rendered":"Interrompidas as buscas por tr\u00eas pescadores desaparecidos ap\u00f3s naufr\u00e1gio em Caminha"},"content":{"rendered":"<p>                Em comunicado, a Autoridade Mar\u00edtima indicou pelas 18h30, que <b>as buscas &#8220;foram interrompidas ao final da tarde&#8221; sem que as v\u00edtimas tivessem sido encontradas.\u00a0<\/b><\/p>\n<p>As buscas ser\u00e3o retomadas na segunda-feira de manh\u00e3, l\u00ea-se ainda no comunicado.<\/p>\n<p>A embarca\u00e7\u00e3o tinha cinco pessoas a bordo. <b>O mestre e um pescador de nacionalidade indon\u00e9sia foram resgastados e transportados para o Hospital de Viana do Castelo. <\/b>&#13;\n<\/p>\n<p>&#13;<br \/>\nOs tr\u00eas desaparecidos s\u00e3o tamb\u00e9m indon\u00e9sios.&#13;\n<\/p>\n<p>O barco de pesca naufragou numa zona rochosa junto \u00e0 ilha de \u00cdnsua, ao largo de Caminha.<\/p>\n<p>A participar nas opera\u00e7\u00f5es de buscar est\u00e1 uma aeronave da For\u00e7a A\u00e9rea Portuguesa e uma outra aeronave espanhola.&#13;\n            <\/p>\n","protected":false},"excerpt":{"rendered":"Em comunicado, a Autoridade Mar\u00edtima indicou pelas 18h30, que as buscas &#8220;foram interrompidas ao final da tarde&#8221; sem&hellip;\n","protected":false},"author":2,"featured_media":188232,"comment_status":"","ping_status":"","sticky":false,"template":"","format":"standard","meta":{"footnotes":""},"categories":[10],"tags":[27,28,26564,15,16,14,25,26,21,22,2758,12,13,19,20,32,23,24,33,17,18,29,30,31],"class_list":{"0":"post-188231","1":"post","2":"type-post","3":"status-publish","4":"format-standard","5":"has-post-thumbnail","7":"category-portugal","8":"tag-breaking-news","9":"tag-breakingnews","10":"tag-caminha","11":"tag-featured-news","12":"tag-featurednews","13":"tag-headlines","14":"tag-latest-news","15":"tag-latestnews","16":"tag-main-news","17":"tag-mainnews","18":"tag-naufragio","19":"tag-news","20":"tag-noticias","21":"tag-noticias-principais","22":"tag-noticiasprincipais","23":"tag-portugal","24":"tag-principais-noticias","25":"tag-principaisnoticias","26":"tag-pt","27":"tag-top-stories","28":"tag-topstories","29":"tag-ultimas","30":"tag-ultimas-noticias","31":"tag-ultimasnoticias"},"share_on_mastodon":{"url":"https:\/\/pubeurope.com\/@pt\/115719568478266381","error":""},"_links":{"self":[{"href":"https:\/\/www.europesays.com\/pt\/wp-json\/wp\/v2\/posts\/188231","targetHints":{"allow":["GET"]}}],"collection":[{"href":"https:\/\/www.europesays.com\/pt\/wp-json\/wp\/v2\/posts"}],"about":[{"href":"https:\/\/www.europesays.com\/pt\/wp-json\/wp\/v2\/types\/post"}],"author":[{"embeddable":true,"href":"https:\/\/www.europesays.com\/pt\/wp-json\/wp\/v2\/users\/2"}],"replies":[{"embeddable":true,"href":"https:\/\/www.europesays.com\/pt\/wp-json\/wp\/v2\/comments?post=188231"}],"version-history":[{"count":0,"href":"https:\/\/www.europesays.com\/pt\/wp-json\/wp\/v2\/posts\/188231\/revisions"}],"wp:featuredmedia":[{"embeddable":true,"href":"https:\/\/www.europesays.com\/pt\/wp-json\/wp\/v2\/media\/188232"}],"wp:attachment":[{"href":"https:\/\/www.europesays.com\/pt\/wp-json\/wp\/v2\/media?parent=188231"}],"wp:term":[{"taxonomy":"category","embeddable":true,"href":"https:\/\/www.europesays.com\/pt\/wp-json\/wp\/v2\/categories?post=188231"},{"taxonomy":"post_tag","embeddable":true,"href":"https:\/\/www.europesays.com\/pt\/wp-json\/wp\/v2\/tags?post=188231"}],"curies":[{"name":"wp","href":"https:\/\/api.w.org\/{rel}","templated":true}]}}