{"id":188269,"date":"2025-12-14T19:52:38","date_gmt":"2025-12-14T19:52:38","guid":{"rendered":"https:\/\/www.europesays.com\/pt\/188269\/"},"modified":"2025-12-14T19:52:38","modified_gmt":"2025-12-14T19:52:38","slug":"que-amor-tao-lindo-tony-carreira-sorridente-com-companhia-unica","status":"publish","type":"post","link":"https:\/\/www.europesays.com\/pt\/188269\/","title":{"rendered":"&#8220;Que amor t\u00e3o lindo&#8221;: Tony Carreira sorridente com companhia \u00fanica!"},"content":{"rendered":"<p>Este s\u00e1bado, dia 13, \u00e9 de celebra\u00e7\u00e3o para <a href=\"https:\/\/selfie.iol.pt\/famosos\/associacao-sara-carreira\/menos-de-24-horas-apos-a-gala-dos-sonhos-tony-carreira-quebra-o-silencio-fizemos-a-diferenca\/20251207\/6935b30dd34e3caad84c1ec9\" target=\"_blank\" rel=\"nofollow noopener\">Tony Carreira<\/a>, que comemora mais um anivers\u00e1rio da cadelinha Molly. No Instagram, o cantor fez quest\u00e3o de destacar a data especial.<\/p>\n<p>&#8220;Parab\u00e9ns, minha Molly! Ser-te-ei eternamente grato por tudo&#8221;, garantiu Tony Carreira na legenda de uma s\u00e9rie de fotografias, na qual posa com a &#8220;amiga de quatro patas&#8221;.<\/p>\n<p>Na caixa de coment\u00e1rios da publica\u00e7\u00e3o, os seguidores mostraram-se rendidos. &#8220;Uma beb\u00e9 linda&#8221;; &#8220;Que amor t\u00e3o lindo&#8221; e &#8220;Que querida&#8221; s\u00e3o exemplos das mensagens deixadas pelos internautas.<\/p>\n<p>Veja, agora, as imagens partilhadas por Tony Carreira na galeria de fotografias que prepar\u00e1mos para si.<\/p>\n","protected":false},"excerpt":{"rendered":"Este s\u00e1bado, dia 13, \u00e9 de celebra\u00e7\u00e3o para Tony Carreira, que comemora mais um anivers\u00e1rio da cadelinha Molly.&hellip;\n","protected":false},"author":2,"featured_media":188270,"comment_status":"","ping_status":"","sticky":false,"template":"","format":"standard","meta":{"footnotes":""},"categories":[85],"tags":[1353,1710,114,115,980,1015,619,32,33,1012,7908],"class_list":{"0":"post-188269","1":"post","2":"type-post","3":"status-publish","4":"format-standard","5":"has-post-thumbnail","7":"category-entretenimento","8":"tag-animais","9":"tag-cantor","10":"tag-entertainment","11":"tag-entretenimento","12":"tag-famosos","13":"tag-instagram","14":"tag-nacional","15":"tag-portugal","16":"tag-pt","17":"tag-selfie","18":"tag-tony-carreira"},"share_on_mastodon":{"url":"https:\/\/pubeurope.com\/@pt\/115719670933783708","error":""},"_links":{"self":[{"href":"https:\/\/www.europesays.com\/pt\/wp-json\/wp\/v2\/posts\/188269","targetHints":{"allow":["GET"]}}],"collection":[{"href":"https:\/\/www.europesays.com\/pt\/wp-json\/wp\/v2\/posts"}],"about":[{"href":"https:\/\/www.europesays.com\/pt\/wp-json\/wp\/v2\/types\/post"}],"author":[{"embeddable":true,"href":"https:\/\/www.europesays.com\/pt\/wp-json\/wp\/v2\/users\/2"}],"replies":[{"embeddable":true,"href":"https:\/\/www.europesays.com\/pt\/wp-json\/wp\/v2\/comments?post=188269"}],"version-history":[{"count":0,"href":"https:\/\/www.europesays.com\/pt\/wp-json\/wp\/v2\/posts\/188269\/revisions"}],"wp:featuredmedia":[{"embeddable":true,"href":"https:\/\/www.europesays.com\/pt\/wp-json\/wp\/v2\/media\/188270"}],"wp:attachment":[{"href":"https:\/\/www.europesays.com\/pt\/wp-json\/wp\/v2\/media?parent=188269"}],"wp:term":[{"taxonomy":"category","embeddable":true,"href":"https:\/\/www.europesays.com\/pt\/wp-json\/wp\/v2\/categories?post=188269"},{"taxonomy":"post_tag","embeddable":true,"href":"https:\/\/www.europesays.com\/pt\/wp-json\/wp\/v2\/tags?post=188269"}],"curies":[{"name":"wp","href":"https:\/\/api.w.org\/{rel}","templated":true}]}}