{"id":188275,"date":"2025-12-14T19:55:07","date_gmt":"2025-12-14T19:55:07","guid":{"rendered":"https:\/\/www.europesays.com\/pt\/188275\/"},"modified":"2025-12-14T19:55:07","modified_gmt":"2025-12-14T19:55:07","slug":"parlamento-israelita-aprova-projecto-para-encerrar-imprensa-estrangeira-israel","status":"publish","type":"post","link":"https:\/\/www.europesays.com\/pt\/188275\/","title":{"rendered":"Parlamento israelita aprova projecto para encerrar imprensa estrangeira | Israel"},"content":{"rendered":"<p>O projecto para converter a chamada &#8220;<a href=\"https:\/\/www.publico.pt\/2024\/10\/23\/mundo\/noticia\/gaza-israel-acusa-reporteres-aljazeera-serem-membros-hamas-2109202\" rel=\"nofollow noopener\" target=\"_blank\">Lei Al-Jazeera<\/a>&#8221; numa norma permanente foi aprovado em comiss\u00e3o no Knesset (Parlamento israelita), segundo foi anunciado neste domingo.<\/p>\n<p>A&#8221;Lei Al-Jazeera&#8221; permite o encerramento de meios de comunica\u00e7\u00e3o estrangeiros em Israel, sob certas condi\u00e7\u00f5es.<\/p>\n<p>&#8220;Os organismos de radiodifus\u00e3o estrangeiros que n\u00e3o nos desejam o bem s\u00e3o como qualquer outro inimigo e n\u00e3o esperam uma situa\u00e7\u00e3o de emerg\u00eancia ou rotineira para nos causar danos&#8221;, afirmou Zvika Fogel, presidente da Comiss\u00e3o de Seguran\u00e7a Nacional da Knesset durante o debate.<\/p>\n<p>No entanto, segundo a ag\u00eancia EFE, v\u00e1rios deputados expressaram s\u00e9rias reservas sobre esta norma.<\/p>\n<p>Entre eles encontra-se Amit Halevi, membro do partido Likud e um dos deputados que prop\u00f4s a lei, que retirou a sua iniciativa original, alertando que a redac\u00e7\u00e3o aprovada &#8220;n\u00e3o oferece uma solu\u00e7\u00e3o eficaz e pode prejudicar a seguran\u00e7a dos cidad\u00e3os israelitas&#8221;.<\/p>\n<p>Por sua vez, o deputado Gilad Kariv, do partido dos Democratas, questionou a vig\u00eancia da lei tempor\u00e1ria e a interven\u00e7\u00e3o pol\u00edtica sobre crit\u00e9rios profissionais de seguran\u00e7a.<\/p>\n<p>Ap\u00f3s rejeitar as objec\u00e7\u00f5es, a comiss\u00e3o aprovou o projecto de lei para segunda e terceira leitura no plen\u00e1rio.<\/p>\n<p>A medida tempor\u00e1ria, actualmente em vigor, foi aprovada em Abril de 2024 e concedeu ao primeiro-ministro israelita, Benjamin Netanyahu, e ao ministro das Comunica\u00e7\u00f5es o poder de ordenar o encerramento de meios de comunica\u00e7\u00e3o estrangeiros que operam em Israel e confiscar os seus equipamentos, caso existam motivos para acreditar que representam &#8220;<a href=\"https:\/\/www.publico.pt\/2023\/10\/26\/mundo\/noticia\/gaza-jornalistas-sao-mortos-cobrir-conflito-dentro-casa-2068085\" rel=\"nofollow noopener\" target=\"_blank\">um grave risco para a seguran\u00e7a do Estado<\/a>&#8220;.<\/p>\n<p>Esta medida, que gerou cr\u00edticas tanto dentro como fora do pa\u00eds, foi aplicada para <a href=\"https:\/\/www.publico.pt\/2024\/05\/05\/mundo\/noticia\/governo-netanyahu-ordena-encerraramento-aljazeera-2089288\" rel=\"nofollow noopener\" target=\"_blank\">encerrar as opera\u00e7\u00f5es<\/a> da rede de not\u00edcias do Qatar Al-Jazeera e tamb\u00e9m levou \u00e0 apreens\u00e3o tempor\u00e1ria de equipamentos pertencentes \u00e0 ag\u00eancia norte-americana Associated Press, uma vez que esta fornecia imagens \u00e0 Al-Jazeera.<\/p>\n<p>Um m\u00eas depois, o canal do Qatar deixou de ser retransmitido nas televis\u00f5es israelitas. As autoridades do pa\u00eds bloquearam todas as p\u00e1ginas da sua rede de meios de comunica\u00e7\u00e3o e retiraram todas as acredita\u00e7\u00f5es do seu pessoal.<\/p>\n<p>Em Setembro de 2024, Israel tamb\u00e9m fechou os escrit\u00f3rios da rede em Ramallah, no territ\u00f3rio palestino da Cisjord\u00e2nia ocupada.<\/p>\n<p>O deputado Ariel Kellner, do Likud, apresentou em Novembro uma proposta de lei para tornar essa medida permanente, aprovada na sua leitura preliminar na Knesset no mesmo m\u00eas, com 50 legisladores a favor e 41 contra.<\/p>\n<p>A <a href=\"https:\/\/www.publico.pt\/2022\/05\/11\/mundo\/noticia\/jornalista-aljazeera-morta-operacao-militar-israelita-jenin-2005739\" rel=\"nofollow noopener\" target=\"_blank\">Al-Jazeera<\/a> \u00e9 um dos canais com maior presen\u00e7a e jornalistas na <a href=\"https:\/\/www.publico.pt\/2025\/12\/13\/mundo\/noticia\/israel-mata-numero-dois-ala-militar-hamas-ataque-faixa-gaza-2157982?ref=israel&amp;cx=page__content\" rel=\"nofollow noopener\" target=\"_blank\">Faixa de Gaza<\/a>, e Israel acusou em v\u00e1rias ocasi\u00f5es alguns dos seus rep\u00f3rteres mais vis\u00edveis no enclave, como Anas al Sharif \u2014 morto por fogo israelita \u2014, de estarem afiliados ao Hamas, apresentando provas que n\u00e3o puderam ser verificadas.<\/p>\n","protected":false},"excerpt":{"rendered":"O projecto para converter a chamada &#8220;Lei Al-Jazeera&#8221; numa norma permanente foi aprovado em comiss\u00e3o no Knesset (Parlamento&hellip;\n","protected":false},"author":2,"featured_media":188276,"comment_status":"","ping_status":"","sticky":false,"template":"","format":"standard","meta":{"footnotes":""},"categories":[50],"tags":[258,27,28,15,16,14,259,25,26,21,22,715,432,62,12,13,19,20,23,24,17,18,29,30,31,63,64,65],"class_list":{"0":"post-188275","1":"post","2":"type-post","3":"status-publish","4":"format-standard","5":"has-post-thumbnail","7":"category-mundo","8":"tag-benjamin-netanyahu","9":"tag-breaking-news","10":"tag-breakingnews","11":"tag-featured-news","12":"tag-featurednews","13":"tag-headlines","14":"tag-israel","15":"tag-latest-news","16":"tag-latestnews","17":"tag-main-news","18":"tag-mainnews","19":"tag-media","20":"tag-medio-oriente","21":"tag-mundo","22":"tag-news","23":"tag-noticias","24":"tag-noticias-principais","25":"tag-noticiasprincipais","26":"tag-principais-noticias","27":"tag-principaisnoticias","28":"tag-top-stories","29":"tag-topstories","30":"tag-ultimas","31":"tag-ultimas-noticias","32":"tag-ultimasnoticias","33":"tag-world","34":"tag-world-news","35":"tag-worldnews"},"share_on_mastodon":{"url":"https:\/\/pubeurope.com\/@pt\/115719682427474455","error":""},"_links":{"self":[{"href":"https:\/\/www.europesays.com\/pt\/wp-json\/wp\/v2\/posts\/188275","targetHints":{"allow":["GET"]}}],"collection":[{"href":"https:\/\/www.europesays.com\/pt\/wp-json\/wp\/v2\/posts"}],"about":[{"href":"https:\/\/www.europesays.com\/pt\/wp-json\/wp\/v2\/types\/post"}],"author":[{"embeddable":true,"href":"https:\/\/www.europesays.com\/pt\/wp-json\/wp\/v2\/users\/2"}],"replies":[{"embeddable":true,"href":"https:\/\/www.europesays.com\/pt\/wp-json\/wp\/v2\/comments?post=188275"}],"version-history":[{"count":0,"href":"https:\/\/www.europesays.com\/pt\/wp-json\/wp\/v2\/posts\/188275\/revisions"}],"wp:featuredmedia":[{"embeddable":true,"href":"https:\/\/www.europesays.com\/pt\/wp-json\/wp\/v2\/media\/188276"}],"wp:attachment":[{"href":"https:\/\/www.europesays.com\/pt\/wp-json\/wp\/v2\/media?parent=188275"}],"wp:term":[{"taxonomy":"category","embeddable":true,"href":"https:\/\/www.europesays.com\/pt\/wp-json\/wp\/v2\/categories?post=188275"},{"taxonomy":"post_tag","embeddable":true,"href":"https:\/\/www.europesays.com\/pt\/wp-json\/wp\/v2\/tags?post=188275"}],"curies":[{"name":"wp","href":"https:\/\/api.w.org\/{rel}","templated":true}]}}