{"id":188277,"date":"2025-12-14T19:56:47","date_gmt":"2025-12-14T19:56:47","guid":{"rendered":"https:\/\/www.europesays.com\/pt\/188277\/"},"modified":"2025-12-14T19:56:47","modified_gmt":"2025-12-14T19:56:47","slug":"novo-acordo-europeu-de-pescas-preve-menos-captura-de-carapau-solha-ou-linguado-em-portugal","status":"publish","type":"post","link":"https:\/\/www.europesays.com\/pt\/188277\/","title":{"rendered":"Novo acordo europeu de pescas prev\u00ea menos captura de carapau, solha ou linguado em Portugal"},"content":{"rendered":"<p>Os ministros das pescas europeus chegaram este s\u00e1bado, 13 de dezembro, a um acordo sobre as capturas em 2026, com uma previs\u00e3o de reduzir o volume global, nalguns casos com impacto em Portugal, como \u00e9 o caso do carapau, solha ou linguado.<\/p>\n<p>O acordo prev\u00ea o volume de capturas das embarca\u00e7\u00f5es europeias no Atl\u00e2ntico, mar do Norte, Mediterr\u00e2neo, B\u00e1ltico, mar Negro e, nalguns casos prev\u00ea tamb\u00e9m o risco para \u201cdeterminadas unidades populacionais para 2027 e 2028\u201d, segundo o comunicado da UE.<\/p>\n<p>O carapau dever\u00e1 ter uma redu\u00e7\u00e3o de 5% de capturas nas \u00e1guas portuguesas, passando de 59.266 toneladas em 2025 para 56.520 em 2026.<\/p>\n<p>No que respeita ao lagostim, o acordo prev\u00ea uma redu\u00e7\u00e3o de 23% da pesca das \u00e1guas portuguesas, passando de 239 para 185 toneladas, enquanto na solha, as previs\u00f5es apontam para menos 20%, passando de 124 para 99 toneladas.<\/p>\n<p>No linguado, pescado na Madeira, Portugal continental e A\u00e7ores, as autoridades preveem uma redu\u00e7\u00e3o da captura em 9%, passando de 540 toneladas em 2025 para 492 em 2026, enquanto a pesca de paloco nas \u00e1guas nacionais dever\u00e1 reduzir 13%.<\/p>\n<p>No caso da raia curva, n\u00e3o h\u00e1 altera\u00e7\u00e3o do volume de pesca (mant\u00eam-se as 50 toneladas), enquanto o peixe pargo ter\u00e1 uma ligeira redu\u00e7\u00e3o (3%), de 392 para 382 toneladas, mas o acordo prev\u00ea um aumento de 11,4% do valor atual em 2027.<\/p>\n<p>Para 2026, a UE prev\u00ea ainda o fim da pesca total da anchova na \u00e1rea dos A\u00e7ores e um aumento de 60% no sul da zona mar\u00edtima portuguesa, passando das 7.266 toneladas atuais, para 11.639 em 2026.<\/p>\n<p>O acordo, alcan\u00e7ado ap\u00f3s dois dias de negocia\u00e7\u00f5es, estabelece limites de captura, conhecidos como \u201ctotais admiss\u00edveis de capturas\u201d e \u201climites de esfor\u00e7o de pesca para as unidades populacionais de peixes comerciais mais importantes\u201d, referem as autoridades europeias.<\/p>\n<p>As unidades populacionais abrangidas pelo acordo \u201cs\u00e3o as que a UE gere sozinha, em conjunto com pa\u00edses vizinhos n\u00e3o pertencentes \u00e0 UE ou atrav\u00e9s de acordos celebrados em organiza\u00e7\u00f5es regionais de gest\u00e3o das pescas\u201d e o esfor\u00e7o de pesca diz respeito ao tamanho e \u00e0 pot\u00eancia do motor de um navio, combinados com o n\u00famero de dias dedicados \u00e0 pesca.<\/p>\n<p>\u201cAp\u00f3s a sa\u00edda do Reino Unido da UE, as unidades populacionais de peixes geridas conjuntamente pela UE e pelo Reino Unido s\u00e3o consideradas recursos partilhados ao abrigo do direito internacional\u201d, refere-se no comunicado final.<\/p>\n<p>Pesca de atum-rabilho aumenta 17% nas regi\u00f5es aut\u00f3nomas em 2026<\/p>\n<p>As capturas de atum-rabilho, esp\u00e9cie muito consumida em \u2018sushi\u2019 e comercialmente relevante nas regi\u00f5es aut\u00f3nomas e Algarve, aumentam 17% em 2026 para as 747 toneladas.<\/p>\n<p>As restantes esp\u00e9cies geridas pela Comiss\u00e3o Internacional para a Conserva\u00e7\u00e3o dos Tun\u00eddeos do Atl\u00e2ntico (ICCAT, na sigla inglesa) &#8211; espadarte, atum-patudo, atum-voador, tintureira, entre outros &#8211; os totais admiss\u00edveis de captura mantiveram-se inalterados face a 2025.<\/p>\n<p>Em declara\u00e7\u00f5es no final do Conselho de ministros das Pescas da Uni\u00e3o Europeia, o secret\u00e1rio de Estado das Pescas, Salvador Malheiro, destacou ainda a \u201cexcelente not\u00edcia\u201d relativa ao goraz &#8211; o corte de 3% para 2026 ser\u00e1 compensado com um aumento de 12% no ano seguinte, sendo que esta poder\u00e1 ser parcialmente usada j\u00e1 no pr\u00f3ximo ano.<\/p>\n<p>Isto significa que Bruxelas reconhece o desempenho \u201cque o pa\u00eds tem tido no que diz respeito \u00e0 prote\u00e7\u00e3o dos recursos marinhos e todo este esfor\u00e7o que foi feito no \u00e2mbito do incremento das \u00e1reas marinhas protegidas\u201d, disse.<\/p>\n<p>Por outro lado, as redu\u00e7\u00f5es de 55% previstas para o peixe-espada preto n\u00e3o afetar\u00e3o a Madeira, que mant\u00e9m para 2026 a quota deste ano.<\/p>\n","protected":false},"excerpt":{"rendered":"Os ministros das pescas europeus chegaram este s\u00e1bado, 13 de dezembro, a um acordo sobre as capturas em&hellip;\n","protected":false},"author":2,"featured_media":188278,"comment_status":"","ping_status":"","sticky":false,"template":"","format":"standard","meta":{"footnotes":""},"categories":[10],"tags":[1836,27,28,15,16,14,25,26,21,22,12,13,19,20,9868,32,23,24,33,17,18,29,30,31,636],"class_list":{"0":"post-188277","1":"post","2":"type-post","3":"status-publish","4":"format-standard","5":"has-post-thumbnail","7":"category-portugal","8":"tag-acordo","9":"tag-breaking-news","10":"tag-breakingnews","11":"tag-featured-news","12":"tag-featurednews","13":"tag-headlines","14":"tag-latest-news","15":"tag-latestnews","16":"tag-main-news","17":"tag-mainnews","18":"tag-news","19":"tag-noticias","20":"tag-noticias-principais","21":"tag-noticiasprincipais","22":"tag-pesca","23":"tag-portugal","24":"tag-principais-noticias","25":"tag-principaisnoticias","26":"tag-pt","27":"tag-top-stories","28":"tag-topstories","29":"tag-ultimas","30":"tag-ultimas-noticias","31":"tag-ultimasnoticias","32":"tag-uniao-europeia"},"share_on_mastodon":{"url":"https:\/\/pubeurope.com\/@pt\/115719686706930599","error":""},"_links":{"self":[{"href":"https:\/\/www.europesays.com\/pt\/wp-json\/wp\/v2\/posts\/188277","targetHints":{"allow":["GET"]}}],"collection":[{"href":"https:\/\/www.europesays.com\/pt\/wp-json\/wp\/v2\/posts"}],"about":[{"href":"https:\/\/www.europesays.com\/pt\/wp-json\/wp\/v2\/types\/post"}],"author":[{"embeddable":true,"href":"https:\/\/www.europesays.com\/pt\/wp-json\/wp\/v2\/users\/2"}],"replies":[{"embeddable":true,"href":"https:\/\/www.europesays.com\/pt\/wp-json\/wp\/v2\/comments?post=188277"}],"version-history":[{"count":0,"href":"https:\/\/www.europesays.com\/pt\/wp-json\/wp\/v2\/posts\/188277\/revisions"}],"wp:featuredmedia":[{"embeddable":true,"href":"https:\/\/www.europesays.com\/pt\/wp-json\/wp\/v2\/media\/188278"}],"wp:attachment":[{"href":"https:\/\/www.europesays.com\/pt\/wp-json\/wp\/v2\/media?parent=188277"}],"wp:term":[{"taxonomy":"category","embeddable":true,"href":"https:\/\/www.europesays.com\/pt\/wp-json\/wp\/v2\/categories?post=188277"},{"taxonomy":"post_tag","embeddable":true,"href":"https:\/\/www.europesays.com\/pt\/wp-json\/wp\/v2\/tags?post=188277"}],"curies":[{"name":"wp","href":"https:\/\/api.w.org\/{rel}","templated":true}]}}