{"id":188289,"date":"2025-12-14T20:04:06","date_gmt":"2025-12-14T20:04:06","guid":{"rendered":"https:\/\/www.europesays.com\/pt\/188289\/"},"modified":"2025-12-14T20:04:06","modified_gmt":"2025-12-14T20:04:06","slug":"moreirense-fc-sl-benfica-rtp","status":"publish","type":"post","link":"https:\/\/www.europesays.com\/pt\/188289\/","title":{"rendered":"Moreirense FC &#8211; SL Benfica &#8211; RTP"},"content":{"rendered":"<ol>\n<li><a href=\"https:\/\/news.google.com\/rss\/articles\/CBMiekFVX3lxTE4zX0xMRUdDNTRjWERpWmJVSXVBLWJ5VVZMNXJBNUtGSjlhQTdSY2NwbllhQzZGNWxDa0VlOURkWWRxT1cyNC1sOW1JTEdXaHp3U1RSejJidHU0bWtBYk50aWxKZWtCUUhuY1VDYUltVThTeG0tdWNVV0ZR?oc=5\" target=\"_blank\" rel=\"nofollow noopener\">Moreirense FC &#8211; SL Benfica<\/a>&nbsp;&nbsp;RTP<\/li>\n<li><a href=\"https:\/\/news.google.com\/rss\/articles\/CBMisgFBVV95cUxNeWVTY01wVVlYLXhDXzhlMUlXWHN2ZHFFZE9RQWdSZWZtcEM2c3JxVFk5OEFVNmdSNk1JOEsteHo5czlXMVpkWElONUp0R2ZiZ3ItZGw4QmNRQThTYmxhSHJPc2paeTNpYnpHYjVpbVE3ZEhfV2U2U0ZYSHhlMnRfUENlWm92d0ZuNEFXdmVEQWk0SEk3X09mVFdPRUlnOWxVU2Z2bU9kTTdxcTl2a292SExR?oc=5\" target=\"_blank\" rel=\"nofollow noopener\">Moreirense x Benfica: onde assistir, hor\u00e1rio e escala\u00e7\u00f5es pelo Campeonato Portugu\u00eas<\/a>&nbsp;&nbsp;ND Mais<\/li>\n<li><a href=\"https:\/\/news.google.com\/rss\/articles\/CBMixwFBVV95cUxOX2VoWThObGh2eUxvMTRyRUt3Z1BrMWpMVUZDbGR1bFVDc2xSbUdvVlNnWlVmOVhFUXRlLWJtRzRsaVBzRldpUHNVa0NGS2hfaHRpMU5MOUtSYXZzcERfRVotMnlJMjZmSk9WMV81SzRBQW4tV2ZxX2l1T1FNdzRiNWpHY0toNTBkMGtNUWQ4QVR4NEZ0UHpDSFFYX1dNQmVvTlVubTc2TWRGN3l4QWcwZ3gtUDdxdzh6UlE0d2g3MEpOM091aWFZ?oc=5\" target=\"_blank\" rel=\"nofollow noopener\">Mourinho quer &#8220;vontade, concentra\u00e7\u00e3o, motiva\u00e7\u00e3o e responsabilidade&#8221; do jogo com o N\u00e1poles frente ao Moreirense<\/a>&nbsp;&nbsp;Di\u00e1rio de Not\u00edcias<\/li>\n<li><a href=\"https:\/\/news.google.com\/rss\/articles\/CBMiuAFBVV95cUxOMlBKa1VFSzBFMXpUTXloRXJPQzNfVkhTblpRUFNZam1QT2dlM1N1eURSS0hOVGRHS2hPeU9GUG5rcmJtalBWWlZvY0FpSFZpR1lnUG9vM2w5d2k4c2RXZjFlaDE3c0JIMW5Tak9XSDlMdWcyNGpJeXlDeDllTUFMaFNRRlJxMV9WM0ViRXBDUW8zZnB5YjZnaFl4OGN6RFA2dEJDRFY2WnktYzI1SnR4ZXNpNmo3ZnZX?oc=5\" target=\"_blank\" rel=\"nofollow noopener\">Moreirense quer ser &#8220;equipa que gosta de ser&#8221; com Benfica &#8220;forte&#8221; na estrat\u00e9gia<\/a>&nbsp;&nbsp;RTP<\/li>\n<li><a href=\"https:\/\/news.google.com\/rss\/articles\/CBMimgFBVV95cUxPNTBxN3EtMWxrS0xMUmZGX1E2aFdJZ0ZpNXREaHNBY1lJNG4yajNqUmQ5V1huaE16RDRGN19lSVFaeTMyS2pzU25DeWtua05SQ2EyWmVVMjVrREx2cFI4VkVqb0xPemJXbUJhUE1uN1k4M1dBem14Rlg3X0p0SktnX0R4eE9abmtCU1VaX0dITzQ5NTNNZzUwOFlR?oc=5\" target=\"_blank\" rel=\"nofollow noopener\">O onze do Benfica para o jogo com o Moreirense<\/a>&nbsp;&nbsp;SAPO<\/li>\n<\/ol>\n","protected":false},"excerpt":{"rendered":"Moreirense FC &#8211; SL Benfica&nbsp;&nbsp;RTP Moreirense x Benfica: onde assistir, hor\u00e1rio e escala\u00e7\u00f5es pelo Campeonato Portugu\u00eas&nbsp;&nbsp;ND Mais Mourinho&hellip;\n","protected":false},"author":2,"featured_media":188290,"comment_status":"","ping_status":"","sticky":false,"template":"","format":"standard","meta":{"footnotes":""},"categories":[87],"tags":[135,13,32,33,420,421,134],"class_list":{"0":"post-188289","1":"post","2":"type-post","3":"status-publish","4":"format-standard","5":"has-post-thumbnail","7":"category-desporto","8":"tag-desporto","9":"tag-noticias","10":"tag-portugal","11":"tag-pt","12":"tag-rtp","13":"tag-rtp-noticias","14":"tag-sports"},"share_on_mastodon":{"url":"https:\/\/pubeurope.com\/@pt\/115719717836585944","error":""},"_links":{"self":[{"href":"https:\/\/www.europesays.com\/pt\/wp-json\/wp\/v2\/posts\/188289","targetHints":{"allow":["GET"]}}],"collection":[{"href":"https:\/\/www.europesays.com\/pt\/wp-json\/wp\/v2\/posts"}],"about":[{"href":"https:\/\/www.europesays.com\/pt\/wp-json\/wp\/v2\/types\/post"}],"author":[{"embeddable":true,"href":"https:\/\/www.europesays.com\/pt\/wp-json\/wp\/v2\/users\/2"}],"replies":[{"embeddable":true,"href":"https:\/\/www.europesays.com\/pt\/wp-json\/wp\/v2\/comments?post=188289"}],"version-history":[{"count":0,"href":"https:\/\/www.europesays.com\/pt\/wp-json\/wp\/v2\/posts\/188289\/revisions"}],"wp:featuredmedia":[{"embeddable":true,"href":"https:\/\/www.europesays.com\/pt\/wp-json\/wp\/v2\/media\/188290"}],"wp:attachment":[{"href":"https:\/\/www.europesays.com\/pt\/wp-json\/wp\/v2\/media?parent=188289"}],"wp:term":[{"taxonomy":"category","embeddable":true,"href":"https:\/\/www.europesays.com\/pt\/wp-json\/wp\/v2\/categories?post=188289"},{"taxonomy":"post_tag","embeddable":true,"href":"https:\/\/www.europesays.com\/pt\/wp-json\/wp\/v2\/tags?post=188289"}],"curies":[{"name":"wp","href":"https:\/\/api.w.org\/{rel}","templated":true}]}}