{"id":188297,"date":"2025-12-14T20:08:23","date_gmt":"2025-12-14T20:08:23","guid":{"rendered":"https:\/\/www.europesays.com\/pt\/188297\/"},"modified":"2025-12-14T20:08:23","modified_gmt":"2025-12-14T20:08:23","slug":"assim-avancam-as-obras-de-108-milhoes-de-grupo-de-braga-em-zona-de-luxo-no-algarve","status":"publish","type":"post","link":"https:\/\/www.europesays.com\/pt\/188297\/","title":{"rendered":"Assim avan\u00e7am as obras de 108 milh\u00f5es de grupo de Braga em zona de luxo no Algarve"},"content":{"rendered":"<p>O dstgroup, de Braga, est\u00e1 a construir dois novos hot\u00e9is para o Grupo Mercan Properties, na marina de Lagos, no Algarve, num investimento de 108 milh\u00f5es de euros. <\/p>\n<p>&#13;<br \/>\n&#13;<br \/>\n&#13;<\/p>\n<p>Segundo a empresa bracarense, as obras, que iniciaram em 2024, decorrem a bom ritmo e as \u201cestruturas principais j\u00e1 est\u00e3o praticamente conclu\u00eddas e os edif\u00edcios come\u00e7am agora a ganhar forma tamb\u00e9m no interior e nos acabamentos\u201d.<\/p>\n<p>\u201cPara al\u00e9m disso, foram j\u00e1 conclu\u00eddos e apresentados ao cliente os dois prot\u00f3tipos reais dos quartos modelo, um passo essencial para garantir alinhamento t\u00e9cnico, funcional e est\u00e9tico antes da produ\u00e7\u00e3o final\u201d, revela o grupo liderado pelo empres\u00e1rio Jos\u00e9 Teixeira. <\/p>\n<p>Ainda de acordo com a empresa, \u201ceste \u00e9 um projeto que se destaca pela sua sofistica\u00e7\u00e3o arquitet\u00f3nica, complexidade t\u00e9cnica e integra\u00e7\u00e3o no territ\u00f3rio, e que refor\u00e7a a nossa capacidade em executar obras de refer\u00eancia com o apoio de empresas parceiras do dstgroup, nomeadamente, a dte, a bim+ e a lyrical\u201d. <\/p>\n<p><img loading=\"lazy\" data-dominant-color=\"88847a\" data-has-transparency=\"false\" style=\"--dominant-color: #88847a;\" decoding=\"async\" width=\"1024\" height=\"762\" data-id=\"630147\" alt=\"Assim avan\u00e7am as obras de 108 milh\u00f5es de grupo de braga em zona de luxo no algarve\" class=\"wp-image-630147 not-transparent perfmatters-lazy\" title=\"Assim avan\u00e7am as obras de 108 milh\u00f5es de grupo de braga em zona de luxo no algarve 6\" src=\"https:\/\/www.europesays.com\/pt\/wp-content\/uploads\/2025\/12\/596812690_1328407729327540_383728359014938808_n.jpg\"  data-\/>Foto: dstgroup<\/p>\n<p><img loading=\"lazy\" data-dominant-color=\"7f7a70\" data-has-transparency=\"false\" style=\"--dominant-color: #7f7a70;\" decoding=\"async\" width=\"1024\" height=\"768\" data-id=\"630145\" alt=\"Assim avan\u00e7am as obras de 108 milh\u00f5es de grupo de braga em zona de luxo no algarve\" class=\"wp-image-630145 not-transparent perfmatters-lazy\" title=\"Assim avan\u00e7am as obras de 108 milh\u00f5es de grupo de braga em zona de luxo no algarve 7\" src=\"https:\/\/www.europesays.com\/pt\/wp-content\/uploads\/2025\/12\/596579257_1328407925994187_6588503277475757521_n.jpg\"  data-\/>Foto: dstgroup<\/p>\n<p><img loading=\"lazy\" data-dominant-color=\"8a8982\" data-has-transparency=\"false\" style=\"--dominant-color: #8a8982;\" decoding=\"async\" width=\"1024\" height=\"768\" data-id=\"630146\" alt=\"Assim avan\u00e7am as obras de 108 milh\u00f5es de grupo de braga em zona de luxo no algarve\" class=\"wp-image-630146 not-transparent perfmatters-lazy\" title=\"Assim avan\u00e7am as obras de 108 milh\u00f5es de grupo de braga em zona de luxo no algarve 8\" src=\"https:\/\/www.europesays.com\/pt\/wp-content\/uploads\/2025\/12\/598373072_1328407879327525_1046864109421572256_n.jpg\"  data-\/>Foto: dstgroup<\/p>\n<p><img loading=\"lazy\" data-dominant-color=\"8d8472\" data-has-transparency=\"false\" style=\"--dominant-color: #8d8472;\" decoding=\"async\" width=\"1024\" height=\"768\" data-id=\"630149\" alt=\"Assim avan\u00e7am as obras de 108 milh\u00f5es de grupo de braga em zona de luxo no algarve\" class=\"wp-image-630149 not-transparent perfmatters-lazy\" title=\"Assim avan\u00e7am as obras de 108 milh\u00f5es de grupo de braga em zona de luxo no algarve 9\" src=\"https:\/\/www.europesays.com\/pt\/wp-content\/uploads\/2025\/12\/596812371_1328407839327529_2006855899504186291_n.jpg\"  data-\/>Foto: dstgroup<\/p>\n<p><img loading=\"lazy\" data-dominant-color=\"615b52\" data-has-transparency=\"false\" style=\"--dominant-color: #615b52;\" decoding=\"async\" width=\"1024\" height=\"768\" data-id=\"630148\" alt=\"Assim avan\u00e7am as obras de 108 milh\u00f5es de grupo de braga em zona de luxo no algarve\" class=\"wp-image-630148 not-transparent perfmatters-lazy\" title=\"Assim avan\u00e7am as obras de 108 milh\u00f5es de grupo de braga em zona de luxo no algarve 10\" src=\"https:\/\/www.europesays.com\/pt\/wp-content\/uploads\/2025\/12\/597701174_1328407792660867_1729526780286583527_n.jpg\"  data-\/>Foto: dstgroup<\/p>\n<p>Como O MINHO noticiou, o grupodst, de\u00a0Braga, est\u00e1 a construir dois hot\u00e9is da cadeia Hilton na Marina de Lagos, no Algarve. O projeto, que prev\u00ea a cria\u00e7\u00e3o de 188 postos de trabalho, resulta de um investimento aproximadamente de 108 milh\u00f5es de euros.<\/p>\n<p>Um dos hot\u00e9is, o Curio Collection by Hilton, de cinco estrelas, ser\u00e1 composto por 180 quartos, distribu\u00eddos por quatro pisos, ocupando uma \u00e1rea total de 15.000 m\u00b2. Entre as comodidades, destacam-se um restaurante, dois bares \u2013 um deles no terra\u00e7o com piscina infinita \u2013, uma segunda piscina no r\u00e9s-do-ch\u00e3o, um spa e instala\u00e7\u00f5es de fitness.\u00a0<\/p>\n<p>O outro, Hilton Garden Inn, de quatro estrelas, ter\u00e1 90 quartos, incluindo 27 su\u00edtes com kitchenette, em uma \u00e1rea de 7.500 m\u00b2. O Hilton Garden Inn contar\u00e1 tamb\u00e9m com um bar, restaurante, piscina exterior e gin\u00e1sio.<\/p>\n","protected":false},"excerpt":{"rendered":"O dstgroup, de Braga, est\u00e1 a construir dois novos hot\u00e9is para o Grupo Mercan Properties, na marina de&hellip;\n","protected":false},"author":2,"featured_media":188298,"comment_status":"","ping_status":"","sticky":false,"template":"","format":"standard","meta":{"footnotes":""},"categories":[83],"tags":[88,89,90,32,33],"class_list":{"0":"post-188297","1":"post","2":"type-post","3":"status-publish","4":"format-standard","5":"has-post-thumbnail","7":"category-empresas","8":"tag-business","9":"tag-economy","10":"tag-empresas","11":"tag-portugal","12":"tag-pt"},"share_on_mastodon":{"url":"https:\/\/pubeurope.com\/@pt\/115719733703493930","error":""},"_links":{"self":[{"href":"https:\/\/www.europesays.com\/pt\/wp-json\/wp\/v2\/posts\/188297","targetHints":{"allow":["GET"]}}],"collection":[{"href":"https:\/\/www.europesays.com\/pt\/wp-json\/wp\/v2\/posts"}],"about":[{"href":"https:\/\/www.europesays.com\/pt\/wp-json\/wp\/v2\/types\/post"}],"author":[{"embeddable":true,"href":"https:\/\/www.europesays.com\/pt\/wp-json\/wp\/v2\/users\/2"}],"replies":[{"embeddable":true,"href":"https:\/\/www.europesays.com\/pt\/wp-json\/wp\/v2\/comments?post=188297"}],"version-history":[{"count":0,"href":"https:\/\/www.europesays.com\/pt\/wp-json\/wp\/v2\/posts\/188297\/revisions"}],"wp:featuredmedia":[{"embeddable":true,"href":"https:\/\/www.europesays.com\/pt\/wp-json\/wp\/v2\/media\/188298"}],"wp:attachment":[{"href":"https:\/\/www.europesays.com\/pt\/wp-json\/wp\/v2\/media?parent=188297"}],"wp:term":[{"taxonomy":"category","embeddable":true,"href":"https:\/\/www.europesays.com\/pt\/wp-json\/wp\/v2\/categories?post=188297"},{"taxonomy":"post_tag","embeddable":true,"href":"https:\/\/www.europesays.com\/pt\/wp-json\/wp\/v2\/tags?post=188297"}],"curies":[{"name":"wp","href":"https:\/\/api.w.org\/{rel}","templated":true}]}}