{"id":188303,"date":"2025-12-14T20:11:07","date_gmt":"2025-12-14T20:11:07","guid":{"rendered":"https:\/\/www.europesays.com\/pt\/188303\/"},"modified":"2025-12-14T20:11:07","modified_gmt":"2025-12-14T20:11:07","slug":"zelensky-disposto-a-desistir-da-nato-em-troca-de-garantias-de-seguranca-ocidentais","status":"publish","type":"post","link":"https:\/\/www.europesays.com\/pt\/188303\/","title":{"rendered":"Zelensky disposto a desistir da NATO em troca de garantias de seguran\u00e7a ocidentais"},"content":{"rendered":"<p>&#13;<br \/>\n<b>\u201cDesde o in\u00edcio, o desejo da Ucr\u00e2nia era aderir \u00e0 NATO. Essas s\u00e3o garantias de seguran\u00e7a reais. Alguns parceiros dos EUA e da Europa n\u00e3o apoiaram esse caminho\u201d<\/b>, disse Zelensky em resposta a perguntas de jornalistas atrav\u00e9s do WhatsApp \u00e0 chegada a Berlim.&#13;\n<\/p>\n<p>\nUma vez que os EUA e alguns pa\u00edses europeus rejeitaram o pedido da Ucr\u00e2nia de aderir \u00e0 NATO,<b> Kiev espera que o Ocidente d\u00ea garantias de seguran\u00e7a similares \u00e0s oferecidas aos membros da Alian\u00e7a.<\/b><\/p>\n<p>\u201cAssim, hoje, as garantias bilaterais de seguran\u00e7a entre a Ucr\u00e2nia e os EUA, as garantias semelhantes ao Artigo 5\u00ba para n\u00f3s por parte dos EUA e as garantias de seguran\u00e7a de colegas europeus, bem como de outros pa\u00edses \u2013 Canad\u00e1, Jap\u00e3o \u2013 s\u00e3o uma oportunidade para evitar outra invas\u00e3o russa\u201d, disse Zelensky. \u201cE isso j\u00e1 \u00e9 um compromisso da nossa parte\u201d, acrescentou.<\/p>\n<p>&#13;<br \/>\nO presidente ucraniano acrescentou que <b>estas garantias de seguran\u00e7a teriam de ser legalmente vinculadas e aceites pelo Congresso norte-americano.<\/b>&#13;\n<\/p>\n<p>Essa mudan\u00e7a representaria uma altera\u00e7\u00e3o significativa para a Ucr\u00e2nia, que h\u00e1 muito tempo procura a ades\u00e3o \u00e0 NATO, apesar de Moscovo considerar a expans\u00e3o da alian\u00e7a uma amea\u00e7a.<br \/>\n<b><br \/>&#13;<br \/>\nEmbora a medida esteja alinhada com um dos objetivos de guerra declarados da R\u00fassia, Kiev continua a rejeitar as exig\u00eancias de ceder territ\u00f3rio. <\/b>Zelensky rejeitou mesmo, sem hip\u00f3teses de ser trabalhada, a proposta dos EUA para que a Ucr\u00e2nia se retire da regi\u00e3o oriental de Donetsk e seja ali criada uma zona econ\u00f3mica livre desmilitarizada.<\/p>\n<p>&#8220;N\u00e3o considero justo, porque quem vai gerir esta zona econ\u00f3mica&#8221;, frisou, questionando: &#8220;Se as tropas ucranianas recuarem cinco, dez quil\u00f3metros, por exemplo, ent\u00e3o por que \u00e9 que as tropas russas n\u00e3o recuam mais profundamente nos territ\u00f3rios ocupados na mesma dist\u00e2ncia?&#8221;<\/p>\n<p>O chefe de Estado reiterou que a quest\u00e3o \u00e9&#8221; muito sens\u00edvel&#8221; e insistiu num congelamento ao longo da atual linha de contacto no territ\u00f3rio.<br \/>&#13;<br \/>\nNegocia\u00e7\u00f5es retomadas esta segunda-feira<br \/>&#13;<br \/>\nEste s\u00e1bado, Zelensky reuniu-se em Berlim com o chanceler alem\u00e3o, Friedrich Merz, e os enviados dos EUA, Steve Witkoff e Jared Kushner, para as negocia\u00e7\u00f5es de paz na Ucr\u00e2nia.<\/p>\n<p><b>As conversa\u00e7\u00f5es decorreram por cinco horas e dever\u00e3o ser retomadas na segunda-feira, numa cimeira convocada pelo chanceler alem\u00e3o entre v\u00e1rios l\u00edderes europeus, das institui\u00e7\u00f5es comunit\u00e1rias e da NATO.<br \/>&#13;<br \/>\n<\/b>&#13;\n<\/p>\n<p>&#13;<br \/>\nNa rede social X, o chanceler alem\u00e3o disse querer \u201cuma paz duradoura para a Ucr\u00e2nia\u201d e afirmou que \u201cos interesses ucranianos s\u00e3o tamb\u00e9m os interesses europeus\u201d.<b><br \/>&#13;<br \/>\n<\/b>&#13;\n<\/p>\n<p><b>As negocia\u00e7\u00f5es ocorrem numa altura em que o presidente dos EUA, Donald Trump, tem aumentado a press\u00e3o para que se chegue a um acordo. Esta semana, Trump manifestou a sua impaci\u00eancia pela lentid\u00e3o das discuss\u00f5es em torno do seu plano para resolver o conflito. <\/b><\/p>\n<p>Kiev e os seus aliados europeus consideram o plano, tal como est\u00e1, muito favor\u00e1vel a Moscovo e a Ucr\u00e2nia enviou a sua vers\u00e3o do plano revisto esta semana. Zelensky disse este domingo que ainda n\u00e3o tinha recebido uma resposta da parte de Washington.<\/p>\n<p>A Ucr\u00e2nia est\u00e1 a ser pressionada por Washington e Moscovo para ceder a por\u00e7\u00e3o de Donbas que controla, principalmente na regi\u00e3o de Donetsk. A proposta \u00e9 criar uma &#8220;zona econ\u00f3mica livre&#8221; ou uma &#8220;zona desmilitarizada&#8221; nesta \u00e1rea.<\/p>\n<p>Em troca, o ex\u00e9rcito russo retirar-se-ia das partes ocupadas das regi\u00f5es de Sumy, Kharkiv e Dnipropetrovsk, mas permaneceria nas regi\u00f5es de Kherson e Zaporizhzhia, que Moscovo reivindica como suas.<\/p>\n<p>A vers\u00e3o ucraniana do plano americano n\u00e3o foi divulgada. Foi tamb\u00e9m enviado um texto a Moscovo por Steve Witkoff.&#13;\n<\/p>\n<p>&#13;<br \/>\nc\/ag\u00eancias&#13;<\/p>\n","protected":false},"excerpt":{"rendered":"&#13; \u201cDesde o in\u00edcio, o desejo da Ucr\u00e2nia era aderir \u00e0 NATO. Essas s\u00e3o garantias de seguran\u00e7a reais.&hellip;\n","protected":false},"author":2,"featured_media":188304,"comment_status":"","ping_status":"","sticky":false,"template":"","format":"standard","meta":{"footnotes":""},"categories":[8],"tags":[27,28,15,16,14,25,26,21,22,3400,12,13,19,20,32,23,24,33,839,17,18,840,29,30,31,3814],"class_list":{"0":"post-188303","1":"post","2":"type-post","3":"status-publish","4":"format-standard","5":"has-post-thumbnail","7":"category-principais-noticias","8":"tag-breaking-news","9":"tag-breakingnews","10":"tag-featured-news","11":"tag-featurednews","12":"tag-headlines","13":"tag-latest-news","14":"tag-latestnews","15":"tag-main-news","16":"tag-mainnews","17":"tag-nato","18":"tag-news","19":"tag-noticias","20":"tag-noticias-principais","21":"tag-noticiasprincipais","22":"tag-portugal","23":"tag-principais-noticias","24":"tag-principaisnoticias","25":"tag-pt","26":"tag-russia","27":"tag-top-stories","28":"tag-topstories","29":"tag-ucrania","30":"tag-ultimas","31":"tag-ultimas-noticias","32":"tag-ultimasnoticias","33":"tag-zelensky"},"share_on_mastodon":{"url":"https:\/\/pubeurope.com\/@pt\/115719745372015553","error":""},"_links":{"self":[{"href":"https:\/\/www.europesays.com\/pt\/wp-json\/wp\/v2\/posts\/188303","targetHints":{"allow":["GET"]}}],"collection":[{"href":"https:\/\/www.europesays.com\/pt\/wp-json\/wp\/v2\/posts"}],"about":[{"href":"https:\/\/www.europesays.com\/pt\/wp-json\/wp\/v2\/types\/post"}],"author":[{"embeddable":true,"href":"https:\/\/www.europesays.com\/pt\/wp-json\/wp\/v2\/users\/2"}],"replies":[{"embeddable":true,"href":"https:\/\/www.europesays.com\/pt\/wp-json\/wp\/v2\/comments?post=188303"}],"version-history":[{"count":0,"href":"https:\/\/www.europesays.com\/pt\/wp-json\/wp\/v2\/posts\/188303\/revisions"}],"wp:featuredmedia":[{"embeddable":true,"href":"https:\/\/www.europesays.com\/pt\/wp-json\/wp\/v2\/media\/188304"}],"wp:attachment":[{"href":"https:\/\/www.europesays.com\/pt\/wp-json\/wp\/v2\/media?parent=188303"}],"wp:term":[{"taxonomy":"category","embeddable":true,"href":"https:\/\/www.europesays.com\/pt\/wp-json\/wp\/v2\/categories?post=188303"},{"taxonomy":"post_tag","embeddable":true,"href":"https:\/\/www.europesays.com\/pt\/wp-json\/wp\/v2\/tags?post=188303"}],"curies":[{"name":"wp","href":"https:\/\/api.w.org\/{rel}","templated":true}]}}