{"id":188307,"date":"2025-12-14T20:15:19","date_gmt":"2025-12-14T20:15:19","guid":{"rendered":"https:\/\/www.europesays.com\/pt\/188307\/"},"modified":"2025-12-14T20:15:19","modified_gmt":"2025-12-14T20:15:19","slug":"eliminados-retornam-para-a-fazenda-17-nesta-semana","status":"publish","type":"post","link":"https:\/\/www.europesays.com\/pt\/188307\/","title":{"rendered":"eliminados retornam para A Fazenda 17 nesta semana"},"content":{"rendered":"<p>  <img class=\"content-first-image wp-image-2747858 size-full\" loading=\"eager\" decoding=\"sync\" fetchpriority=\"high\" src=\"https:\/\/www.europesays.com\/pt\/wp-content\/uploads\/2025\/12\/a-fazenda-17.jpg\" alt=\"Retorno dos eliminados promete trazer embates antigos para A Fazenda 17\" width=\"1200\" height=\"630\"  \/>Retorno dos eliminados promete trazer embates antigos para A Fazenda 17Foto: Reprodu\u00e7\u00e3o\/Record\/ND Mais<\/p>\n<p>A menos de uma semana da grande final, A Fazenda 17 <a href=\"https:\/\/ndmais.com.br\/reality-shows\/ultima-semana-de-a-fazenda-17-saiba-tudo-o-que-vai-acontecer-no-reality-show\/\" rel=\"nofollow noopener\" target=\"_blank\">entra em sua fase mais intensa<\/a> com o retorno dos participantes eliminados do confinamento. A movimenta\u00e7\u00e3o promete reacender conflitos e trazer novos desdobramentos \u00e0 disputa pelo<a href=\"https:\/\/ndmais.com.br\/reality-shows\/quando-acaba-a-fazenda-17-reality-show-entra-na-reta-final-com-premio-de-r-2-milhoes\/\" rel=\"nofollow noopener\" target=\"_blank\"> pr\u00eamio<\/a>.<\/p>\n<p>Como explicou a apresentadora <a href=\"https:\/\/r.search.yahoo.com\/_ylt=AwrFa1vvsz5p4iIKVx_z6Qt.;_ylu=Y29sbwNiZjEEcG9zAzEEdnRpZAMEc2VjA3Ny\/RV=2\/RE=1766926575\/RO=10\/RU=https%3a%2f%2fndmais.com.br%2freality-shows%2fadriane-galisteu-carreira-curiosidades-e-tudo-sobre-a-apresentadora-de-a-fazenda%2f\/RK=2\/RS=1kf8EnEY.wSd5pdhuSHosRh1yQ4-\" rel=\"nofollow noopener\" target=\"_blank\">Adriane Galisteu<\/a>, os \u00faltimos dias do reality ter\u00e3o programa\u00e7\u00e3o di\u00e1ria, com provas, ro\u00e7a especial e din\u00e2micas decisivas. \u201cVai ter lavagem de roupa suja e a festa final com a volta de todos os pe\u00f5es\u201d, adiantou durante a edi\u00e7\u00e3o ao vivo.<\/p>\n<p>Os eliminados voltam oficialmente \u00e0 sede na ter\u00e7a-feira (16), quando acontece a tradicional lava\u00e7\u00e3o de roupa suja. A din\u00e2mica permite que ex-pe\u00f5es e finalistas resolvam pend\u00eancias, confrontem declara\u00e7\u00f5es feitas ao longo do jogo e tirem satisfa\u00e7\u00f5es antes da decis\u00e3o final.<\/p>\n<p><a class=\"cta-discover d-flex justify-content-between align-items-center w-100\" target=\"_blank\" rel=\"nofollow noopner noopener\" href=\"https:\/\/profile.google.com\/cp\/Cg0vZy8xMXZ5cjY4NHho\">   Fa\u00e7a como milh\u00f5es de leitores informados: siga o ND Mais no Google.  Seguir<\/a> <\/p>\n<p>J\u00e1 na quarta-feira (17), todos participam da festa de encerramento da temporada, que deve ser marcada por reencontros tensos e poss\u00edveis discuss\u00f5es. A expectativa \u00e9 alta, j\u00e1 que presenciamos uma edi\u00e7\u00e3o hist\u00f3rica do programa que registrou quatro expuls\u00f5es:<a href=\"https:\/\/ndmais.com.br\/reality-shows\/peoes-ficam-chocados-com-expulsao-de-gaby-spanic-em-a-fazenda-17-veja-cena\/\" rel=\"nofollow noopener\" target=\"_blank\"> Gaby Spanic<\/a>, <a href=\"https:\/\/ndmais.com.br\/reality-shows\/por-que-martina-foi-expulsa-em-a-fazenda-veja-cena\/\" rel=\"nofollow noopener\" target=\"_blank\">Martina Sanzi<\/a>, <a href=\"https:\/\/ndmais.com.br\/reality-shows\/momento-tao-dificil-creo-kellab-perde-a-mae-dias-apos-a-expulsao-em-a-fazenda-17\/\" rel=\"nofollow noopener\" target=\"_blank\">Creo Kellab<\/a> e <a href=\"https:\/\/ndmais.com.br\/reality-shows\/carol-lekker-e-expulsa-em-a-fazenda-17-apos-agressao-ao-vivo\/\" rel=\"nofollow noopener\" target=\"_blank\">Carol Lekker<\/a>.<\/p>\n<p>A Record ainda n\u00e3o confirmou se os expulsos tamb\u00e9m participar\u00e3o das atividades, mas as chances s\u00e3o grandes que o grande reecontro aconte\u00e7a. Em edi\u00e7\u00f5es anteriores, como em A Fazenda 15, participantes desclassificados chegaram a integrar a programa\u00e7\u00e3o final.<\/p>\n<p>Como ser\u00e1 a \u00faltima semana de A Fazenda 17?<\/p>\n<ul>\n<li>Domingo (14) \u2013 Prova especial e forma\u00e7\u00e3o da pen\u00faltima ro\u00e7a;<\/li>\n<li>Segunda-feira (15) \u2013 Elimina\u00e7\u00e3o e logo depois forma\u00e7\u00e3o da \u00faltima ro\u00e7a que definir\u00e1 quatro finalistas;<\/li>\n<li>Ter\u00e7a-feira (16) \u2013 Lava\u00e7\u00e3o de Roupa Suja com todos os pe\u00f5es e elimina\u00e7\u00e3o do \u00faltimo pe\u00e3o antes da final;<\/li>\n<li>Quarta-feira (17) \u2014 \u00daltima festa com todos os 26 pe\u00f5es;<\/li>\n<li>Quinta-feira (18) \u2014 Grande Final ao vivo \u00e0s 22h30.<\/li>\n<\/ul>\n<p>Quem est\u00e1 no Top 7?       <\/p>\n","protected":false},"excerpt":{"rendered":"Retorno dos eliminados promete trazer embates antigos para A Fazenda 17Foto: Reprodu\u00e7\u00e3o\/Record\/ND Mais A menos de uma semana&hellip;\n","protected":false},"author":2,"featured_media":188308,"comment_status":"","ping_status":"","sticky":false,"template":"","format":"standard","meta":{"footnotes":""},"categories":[142],"tags":[657,4706,726,1967,114,115,1968,32,33,12947,151],"class_list":{"0":"post-188307","1":"post","2":"type-post","3":"status-publish","4":"format-standard","5":"has-post-thumbnail","7":"category-tv","8":"tag-a-fazenda","9":"tag-a-fazenda-17","10":"tag-brasil","11":"tag-contedo-de-internet","12":"tag-entertainment","13":"tag-entretenimento","14":"tag-notcia","15":"tag-portugal","16":"tag-pt","17":"tag-reality-shows","18":"tag-tv"},"share_on_mastodon":{"url":"https:\/\/pubeurope.com\/@pt\/115719761417608619","error":""},"_links":{"self":[{"href":"https:\/\/www.europesays.com\/pt\/wp-json\/wp\/v2\/posts\/188307","targetHints":{"allow":["GET"]}}],"collection":[{"href":"https:\/\/www.europesays.com\/pt\/wp-json\/wp\/v2\/posts"}],"about":[{"href":"https:\/\/www.europesays.com\/pt\/wp-json\/wp\/v2\/types\/post"}],"author":[{"embeddable":true,"href":"https:\/\/www.europesays.com\/pt\/wp-json\/wp\/v2\/users\/2"}],"replies":[{"embeddable":true,"href":"https:\/\/www.europesays.com\/pt\/wp-json\/wp\/v2\/comments?post=188307"}],"version-history":[{"count":0,"href":"https:\/\/www.europesays.com\/pt\/wp-json\/wp\/v2\/posts\/188307\/revisions"}],"wp:featuredmedia":[{"embeddable":true,"href":"https:\/\/www.europesays.com\/pt\/wp-json\/wp\/v2\/media\/188308"}],"wp:attachment":[{"href":"https:\/\/www.europesays.com\/pt\/wp-json\/wp\/v2\/media?parent=188307"}],"wp:term":[{"taxonomy":"category","embeddable":true,"href":"https:\/\/www.europesays.com\/pt\/wp-json\/wp\/v2\/categories?post=188307"},{"taxonomy":"post_tag","embeddable":true,"href":"https:\/\/www.europesays.com\/pt\/wp-json\/wp\/v2\/tags?post=188307"}],"curies":[{"name":"wp","href":"https:\/\/api.w.org\/{rel}","templated":true}]}}