{"id":188321,"date":"2025-12-14T20:24:14","date_gmt":"2025-12-14T20:24:14","guid":{"rendered":"https:\/\/www.europesays.com\/pt\/188321\/"},"modified":"2025-12-14T20:24:14","modified_gmt":"2025-12-14T20:24:14","slug":"a-europa-colocou-a-russia-no-congelador-o-problema-e-o-cavalo-de-troia-que-os-eua-podem-dar-a-putin","status":"publish","type":"post","link":"https:\/\/www.europesays.com\/pt\/188321\/","title":{"rendered":"A Europa colocou a R\u00fassia no congelador. O problema \u00e9 o cavalo de Troia que os EUA podem dar a Putin"},"content":{"rendered":"<p>\t                AN\u00c1LISE || Donald Trump est\u00e1 a perder a paci\u00eancia e a R\u00fassia continua a ganhar terreno. No meio est\u00e3o uma Ucr\u00e2nia quase sem voz e uma Uni\u00e3o Europeia que luta para ser minimamente ouvida<\/p>\n<p style=\"margin-bottom:11px\">Europa e Estados Unidos est\u00e3o em guerra aberta. Ambos querem que o <a href=\"https:\/\/cnnportugal.iol.pt\/aominuto\/6207bf6c0cf2cc58e7e276ff\" target=\"_blank\" rel=\"nofollow noopener\">conflito na Ucr\u00e2nia<\/a> acabe, mas um procura todas e quaisquer garantias futuras, j\u00e1 o outro est\u00e1 apenas focado no que est\u00e1 a perder economicamente.<\/p>\n<p>Enquanto a Uni\u00e3o Europeia procura garantir o m\u00e1ximo de medidas a favor da Ucr\u00e2nia &#8211; protegendo-se assim do que entende ser uma amea\u00e7a real de invas\u00e3o alargada da R\u00fassia &#8211; os Estados Unidos querem a paz \u00e0 for\u00e7a, o que, nesta altura da guerra, n\u00e3o pode acontecer sem que seja a favor de Moscovo.<\/p>\n<p>O pr\u00f3prio Donald Trump, que est\u00e1 irritado e frustrado &#8211; palavras da Casa Branca &#8211; j\u00e1 o disse: a R\u00fassia \u00e9 maior e mais forte, e por isso deve ter mais pretens\u00f5es atendidas do que a Ucr\u00e2nia.<\/p>\n<p>O problema est\u00e1 a montante. \u00c9 que os aliados europeus temem que uma paz acordada pelos Estados Unidos possa dar espa\u00e7o \u00e0 R\u00fassia para voltar a invadir a Ucr\u00e2nia no futuro. Na pr\u00e1tica, foi o que aconteceu anteriormente, j\u00e1 que os acordos de Minsk poucas ou nenhumas garantias deram a Kiev em 2014, ano em que acabou por perder a Crimeia e teve de comer e calar.<\/p>\n<p>Agora, Donald Trump parece adotar uma posi\u00e7\u00e3o muito semelhante: a Ucr\u00e2nia tem de comer e calar, sob pena de os Estados Unidos abandonarem de vez a ajuda, o que comprometeria todo o esfor\u00e7o de defesa que at\u00e9 agora, com maior ou menor dificuldade, vai dando resultado.<\/p>\n<p>A <a href=\"https:\/\/www.bloomberg.com\/news\/articles\/2025-12-13\/europe-sees-a-trojan-horse-for-russia-in-trump-s-ukraine-plan?embedded-checkout=true\" target=\"_blank\" rel=\"nofollow noopener\">Bloomberg<\/a> refere que entre os respons\u00e1veis europeus h\u00e1 preocupa\u00e7\u00f5es concretas sobre o acordo em cima da mesa, que j\u00e1 prev\u00ea a ced\u00eancia total do Donbass por parte da Ucr\u00e2nia, ainda que esteja por entender qual ser\u00e1 a designa\u00e7\u00e3o administrativa a dar \u00e0quela zona nesse cen\u00e1rio.<\/p>\n<p>O medo, que a ag\u00eancia descreve como um dos principais sentimentos nas cabe\u00e7as europeias por estes dias, est\u00e1 na possibilidade de o Kremlin aproveitar a zona desmilitarizada que seria criada na regi\u00e3o composta por Donetsk e Lugansk para mascarar eventuais destacamentos de for\u00e7as para utiliza\u00e7\u00e3o futura.<\/p>\n<p>Na pr\u00e1tica, em Bruxelas pensa-se que a R\u00fassia pode usar o Donbass como uma base militar para uma invas\u00e3o renovada no futuro. E ningu\u00e9m tem mais receio desse cen\u00e1rio que o presidente da Ucr\u00e2nia, Volodymyr Zelensky, que ainda esta semana avisou que \u00e9 preciso evitar uma terceira invas\u00e3o.<\/p>\n<p>Mas h\u00e1 mais, j\u00e1 que a Uni\u00e3o Europeia entende que a R\u00fassia pode tamb\u00e9m usar este territ\u00f3rio para lan\u00e7ar opera\u00e7\u00f5es h\u00edbridas, incluindo situa\u00e7\u00f5es de falsa bandeira que depois pode utilizar para justificar a\u00e7\u00f5es militares, contornando quaisquer garantias de seguran\u00e7a que os Estados Unidos estejam a planear.<\/p>\n<p>No fundo, essa zona desmilitarizada &#8211; que os Estados Unidos at\u00e9 defendem que seja antes uma \u201czona econ\u00f3mica livre\u201d &#8211; pode servir a Vladimir Putin como o cavalo de Troia serviu a Ulisses para conquistar uma cidade que resistia h\u00e1 10 anos.<\/p>\n<p>Praticamente incapaz de ter for\u00e7a negocial em rela\u00e7\u00e3o \u00e0 R\u00fassia, a Uni\u00e3o Europeia vai ent\u00e3o jogando onde e como pode. O mesmo \u00e9 dizer que a decis\u00e3o de congelar os bens russos que est\u00e3o em espa\u00e7o comunit\u00e1rio <a href=\"https:\/\/cnnportugal.iol.pt\/ucrania\/ativos-russos-congelados\/uniao-europeia-aprova-mecanismo-legal-para-manter-ativos-russos-congelados-para-sempre\/20251212\/693c523ed34e2bd5c6d50aed\" target=\"_blank\" rel=\"nofollow noopener\">de forma indefinida<\/a> \u00e9 uma das poucas a\u00e7\u00f5es que Bruxelas tem para mostrar for\u00e7a, colocando um dos problemas no congelador.<\/p>\n<p>Uma decis\u00e3o que tamb\u00e9m serve de pontap\u00e9 para a frente sobre uma outra bem mais dif\u00edcil. H\u00e1 consenso alargado de que estes fundos russos devem servir para pagar a reconstru\u00e7\u00e3o da Ucr\u00e2nia, s\u00f3 que a esmagadora maioria dos 210 mil milh\u00f5es de euros que est\u00e3o em solo europeu concentra-se na B\u00e9lgica, que <a href=\"https:\/\/cnnportugal.iol.pt\/belgica\/kremlin\/belgica-quer-reserva-de-dinheiro-adicional-para-prevenir-ataque-do-kremlin-ao-uso-dos-ativos-congelados\/20251210\/6939c2abd34e3caad84c3c27\" target=\"_blank\" rel=\"nofollow noopener\">teme vir a sofrer repercuss\u00f5es<\/a> internacionais caso a R\u00fassia fa\u00e7a queixa.<\/p>\n<p>No pr\u00f3ximo dia 18 h\u00e1 nova reuni\u00e3o sobre o assunto, onde a B\u00e9lgica espera por garantias s\u00f3lidas de que n\u00e3o ficar\u00e1 sozinha para pagar uma eventual indemniza\u00e7\u00e3o \u00e0 R\u00fassia. Se n\u00e3o fica satisfeita com que os aliados lhe v\u00e3o apresentar, dificilmente votar\u00e1 a favor, o que pode levar a Uni\u00e3o Europeia a avan\u00e7ar para uma solu\u00e7\u00e3o dr\u00e1stica de passar a tratar a B\u00e9lgica como a Hungria.<\/p>\n<p>O jogo segue nas pr\u00f3ximas semanas, sendo que a altura do Natal foi apontada por Volodymyr Zelensky como a ideal para uma resposta norte-americana \u00e0 contra-proposta da Ucr\u00e2nia, agora com 20 pontos.<\/p>\n<p>Mas a ideia mais forte da semana n\u00e3o est\u00e1 l\u00e1 plasmada, at\u00e9 porque surgiu quase em jeito de desabafo. Pela primeira vez, o presidente da Ucr\u00e2nia abriu a porta \u00e0 ced\u00eancia do Donbass, mas deixou claro que n\u00e3o quer ficar com toda a responsabilidade caso isso aconte\u00e7a. Pelo contr\u00e1rio, j\u00e1 que Donetsk e Lugansk s\u00f3 ser\u00e3o reconhecidamente russos caso os ucranianos o aprovem num referendo.<\/p>\n<p>Volodymyr Zelensky vai agora a Berlim no in\u00edcio da pr\u00f3xima semana, onde espera que a reuni\u00e3o com o chanceler alem\u00e3o e os outros l\u00edderes europeus d\u00ea melhores not\u00edcias \u00e0 Ucr\u00e2nia do que aquelas que t\u00eam surgido, at\u00e9 porque na linha da frente continuam as perdas sucessivas, apesar de um <a href=\"https:\/\/cnnportugal.iol.pt\/guerra\/ucrania\/forcas-ucranianas-cercam-tropas-russas-em-kupiansk-apos-contra-ataque\/20251212\/693c0a53d34e3caad84c4dde\" target=\"_blank\" rel=\"nofollow noopener\">bem-sucedido assalto em Kupiansk<\/a> ter encurralado uma pequena por\u00e7\u00e3o de soldados russos.<\/p>\n","protected":false},"excerpt":{"rendered":"AN\u00c1LISE || Donald Trump est\u00e1 a perder a paci\u00eancia e a R\u00fassia continua a ganhar terreno. No meio&hellip;\n","protected":false},"author":2,"featured_media":188322,"comment_status":"","ping_status":"","sticky":false,"template":"","format":"standard","meta":{"footnotes":""},"categories":[50],"tags":[609,836,611,37438,27,28,607,608,333,832,604,135,610,92,476,235,445,15,16,301,830,19417,14,603,25,26,570,21,22,831,833,62,834,12,13,19,20,835,602,52,32,23,24,839,17,18,840,29,30,31,63,64,65],"class_list":{"0":"post-188321","1":"post","2":"type-post","3":"status-publish","4":"format-standard","5":"has-post-thumbnail","7":"category-mundo","8":"tag-alerta","9":"tag-analise","10":"tag-ao-minuto","11":"tag-bens-russos-congelados","12":"tag-breaking-news","13":"tag-breakingnews","14":"tag-cnn","15":"tag-cnn-portugal","16":"tag-comentadores","17":"tag-costa","18":"tag-crime","19":"tag-desporto","20":"tag-direto","21":"tag-donald-trump","22":"tag-economia","23":"tag-estados-unidos","24":"tag-europa","25":"tag-featured-news","26":"tag-featurednews","27":"tag-governo","28":"tag-guerra","29":"tag-guerra-da-ucrania","30":"tag-headlines","31":"tag-justica","32":"tag-latest-news","33":"tag-latestnews","34":"tag-live","35":"tag-main-news","36":"tag-mainnews","37":"tag-mais-vistas","38":"tag-marcelo","39":"tag-mundo","40":"tag-negocios","41":"tag-news","42":"tag-noticias","43":"tag-noticias-principais","44":"tag-noticiasprincipais","45":"tag-opiniao","46":"tag-pais","47":"tag-politica","48":"tag-portugal","49":"tag-principais-noticias","50":"tag-principaisnoticias","51":"tag-russia","52":"tag-top-stories","53":"tag-topstories","54":"tag-ucrania","55":"tag-ultimas","56":"tag-ultimas-noticias","57":"tag-ultimasnoticias","58":"tag-world","59":"tag-world-news","60":"tag-worldnews"},"share_on_mastodon":{"url":"","error":"Validation failed: Text character limit of 500 exceeded"},"_links":{"self":[{"href":"https:\/\/www.europesays.com\/pt\/wp-json\/wp\/v2\/posts\/188321","targetHints":{"allow":["GET"]}}],"collection":[{"href":"https:\/\/www.europesays.com\/pt\/wp-json\/wp\/v2\/posts"}],"about":[{"href":"https:\/\/www.europesays.com\/pt\/wp-json\/wp\/v2\/types\/post"}],"author":[{"embeddable":true,"href":"https:\/\/www.europesays.com\/pt\/wp-json\/wp\/v2\/users\/2"}],"replies":[{"embeddable":true,"href":"https:\/\/www.europesays.com\/pt\/wp-json\/wp\/v2\/comments?post=188321"}],"version-history":[{"count":0,"href":"https:\/\/www.europesays.com\/pt\/wp-json\/wp\/v2\/posts\/188321\/revisions"}],"wp:featuredmedia":[{"embeddable":true,"href":"https:\/\/www.europesays.com\/pt\/wp-json\/wp\/v2\/media\/188322"}],"wp:attachment":[{"href":"https:\/\/www.europesays.com\/pt\/wp-json\/wp\/v2\/media?parent=188321"}],"wp:term":[{"taxonomy":"category","embeddable":true,"href":"https:\/\/www.europesays.com\/pt\/wp-json\/wp\/v2\/categories?post=188321"},{"taxonomy":"post_tag","embeddable":true,"href":"https:\/\/www.europesays.com\/pt\/wp-json\/wp\/v2\/tags?post=188321"}],"curies":[{"name":"wp","href":"https:\/\/api.w.org\/{rel}","templated":true}]}}