{"id":188343,"date":"2025-12-14T20:38:08","date_gmt":"2025-12-14T20:38:08","guid":{"rendered":"https:\/\/www.europesays.com\/pt\/188343\/"},"modified":"2025-12-14T20:38:08","modified_gmt":"2025-12-14T20:38:08","slug":"angola-quer-vender-mais-43-hoteis","status":"publish","type":"post","link":"https:\/\/www.europesays.com\/pt\/188343\/","title":{"rendered":"Angola quer vender mais 43 hot\u00e9is"},"content":{"rendered":"<p>        O Estado angolano autorizou a venda de 43 hot\u00e9is das redes IU, IKA e BINA, localizados em v\u00e1rias regi\u00f5es do pa\u00eds.    <\/p>\n<p>O an\u00fancio foi feito por despacho presidencial, no dia 28 de novembro, com a Presid\u00eancia da Rep\u00fablica a dar \u201cluz verde\u201d \u00e0 venda das unidades hoteleiras \u201ccom elevado potencial econ\u00f3mico\u201d tendo em vista o \u201cdesenvolvimento econ\u00f3mico do mercado do turismo\u201d no pa\u00eds.<\/p>\n<p>As unidades hoteleiras est\u00e3o distribu\u00eddas por Benguela, Bi\u00e9, Cuando Cubango, Cuanza Sul, Dundo, Lubango, Namibe, Talatona, Cacuaco, Caxito, Cuito, Cunene, Huambo, Lobito, Luena, Malanje, M\u2019Banza Congo, Namibe, N\u2019Dalatando, Sumbe, T\u00f4mbwa, U\u00edge, Viana (Luanda). O \u00fanico hotel BINA localiza-se na cidade do Soyo, na prov\u00edncia do Zaire.<\/p>\n<p><strong>Conte\u00fado reservado a assinantes. Leia <a href=\"https:\/\/leitor.jornaleconomico.pt\/noticia\/angola-quer-vender-mais-43-hoteis\" target=\"_blank\" rel=\"noopener nofollow\">aqui<\/a> a vers\u00e3o completa. Edi\u00e7\u00e3o do <a href=\"https:\/\/leitor.jornaleconomico.pt\/edicao\/jornal-economico\/2330\" target=\"_blank\" rel=\"noopener nofollow\">Jornal Econ\u00f3mico<\/a> de 12 de dezembro.<\/strong><\/p>\n","protected":false},"excerpt":{"rendered":"O Estado angolano autorizou a venda de 43 hot\u00e9is das redes IU, IKA e BINA, localizados em v\u00e1rias&hellip;\n","protected":false},"author":2,"featured_media":188344,"comment_status":"","ping_status":"","sticky":false,"template":"","format":"standard","meta":{"footnotes":""},"categories":[50],"tags":[1063,27,28,15,16,14,6395,25,26,21,22,62,12,13,19,20,23,24,17,18,29,30,31,63,64,65],"class_list":{"0":"post-188343","1":"post","2":"type-post","3":"status-publish","4":"format-standard","5":"has-post-thumbnail","7":"category-mundo","8":"tag-angola","9":"tag-breaking-news","10":"tag-breakingnews","11":"tag-featured-news","12":"tag-featurednews","13":"tag-headlines","14":"tag-hoteis","15":"tag-latest-news","16":"tag-latestnews","17":"tag-main-news","18":"tag-mainnews","19":"tag-mundo","20":"tag-news","21":"tag-noticias","22":"tag-noticias-principais","23":"tag-noticiasprincipais","24":"tag-principais-noticias","25":"tag-principaisnoticias","26":"tag-top-stories","27":"tag-topstories","28":"tag-ultimas","29":"tag-ultimas-noticias","30":"tag-ultimasnoticias","31":"tag-world","32":"tag-world-news","33":"tag-worldnews"},"share_on_mastodon":{"url":"https:\/\/pubeurope.com\/@pt\/115719851492981402","error":""},"_links":{"self":[{"href":"https:\/\/www.europesays.com\/pt\/wp-json\/wp\/v2\/posts\/188343","targetHints":{"allow":["GET"]}}],"collection":[{"href":"https:\/\/www.europesays.com\/pt\/wp-json\/wp\/v2\/posts"}],"about":[{"href":"https:\/\/www.europesays.com\/pt\/wp-json\/wp\/v2\/types\/post"}],"author":[{"embeddable":true,"href":"https:\/\/www.europesays.com\/pt\/wp-json\/wp\/v2\/users\/2"}],"replies":[{"embeddable":true,"href":"https:\/\/www.europesays.com\/pt\/wp-json\/wp\/v2\/comments?post=188343"}],"version-history":[{"count":0,"href":"https:\/\/www.europesays.com\/pt\/wp-json\/wp\/v2\/posts\/188343\/revisions"}],"wp:featuredmedia":[{"embeddable":true,"href":"https:\/\/www.europesays.com\/pt\/wp-json\/wp\/v2\/media\/188344"}],"wp:attachment":[{"href":"https:\/\/www.europesays.com\/pt\/wp-json\/wp\/v2\/media?parent=188343"}],"wp:term":[{"taxonomy":"category","embeddable":true,"href":"https:\/\/www.europesays.com\/pt\/wp-json\/wp\/v2\/categories?post=188343"},{"taxonomy":"post_tag","embeddable":true,"href":"https:\/\/www.europesays.com\/pt\/wp-json\/wp\/v2\/tags?post=188343"}],"curies":[{"name":"wp","href":"https:\/\/api.w.org\/{rel}","templated":true}]}}