{"id":188351,"date":"2025-12-14T20:44:11","date_gmt":"2025-12-14T20:44:11","guid":{"rendered":"https:\/\/www.europesays.com\/pt\/188351\/"},"modified":"2025-12-14T20:44:11","modified_gmt":"2025-12-14T20:44:11","slug":"ao-lado-de-ex-concorrentes-de-secret-story-ze-ex-noivo-de-liliana-revela-imagens-ineditas-e-avisa-ferir-suscetibilidades","status":"publish","type":"post","link":"https:\/\/www.europesays.com\/pt\/188351\/","title":{"rendered":"Ao lado de ex-concorrentes de &#8220;Secret Story&#8221;, Z\u00e9, ex-noivo de Liliana, revela imagens in\u00e9ditas&#8230; e avisa: &#8220;Ferir suscetibilidades&#8221;"},"content":{"rendered":"<p>Mesmo sem ter entrado na casa de &#8220;Secret Story&#8221;,\u00a0<a href=\"https:\/\/selfie.iol.pt\/famosos\/casa-dos-segredos\/venha-o-diabo-e-escolha-ja-viu-com-quem-esta-ze-ex-noivo-de-liliana\/20251213\/693d499cd34e3caad84c5681\" target=\"_blank\" rel=\"nofollow noopener\">Jos\u00e9 Andrade<\/a>, ex-noivo de\u00a0<a href=\"https:\/\/selfie.iol.pt\/famosos\/casa-dos-segredos-9\/nos-bastidores-de-secret-story-irma-de-fabio-condena-bastante-cego-por-amor\/20251202\/692f3d01d34e2bd5c6d4ab3e\" target=\"_blank\" wbo-id=\"60\" rel=\"nofollow noopener\">Liliana<\/a>, frequentemente mostra-se c\u00famplice de ex-concorrentes do\u00a0reality show\u00a0da\u00a0<a href=\"https:\/\/selfie.iol.pt\/famosos\/casa-dos-segredos-9\/nos-bastidores-de-secret-story-irma-de-fabio-condena-bastante-cego-por-amor\/20251202\/692f3d01d34e2bd5c6d4ab3e\" target=\"_blank\" wbo-id=\"61\" rel=\"nofollow noopener\">TVI<\/a>.<\/p>\n<p>Desta vez, no Instagram, Jos\u00e9 Andrade fez quest\u00e3o de divulgar um registo, no qual surge com alguns desses ex-participantes, que se mostram a cantar.<\/p>\n<p>&#8220;Agora, entendo por que motivo n\u00e3o h\u00e1 muitas noites de karaoke na Casa&#8221;, come\u00e7ou por escrever Jos\u00e9 Andrade na legenda da partilha. O ex-noivo de Liliana ainda acrescentou, com sentido de humor: &#8220;Deixo a m\u00fasica, porque o \u00e1udio original podia ferir suscetibilidades.&#8221;<\/p>\n<p>Veja, agora, algumas das melhores imagens de Z\u00e9 nas galerias de fotografias que prepar\u00e1mos para si.<\/p>\n<p><img decoding=\"async\" alt=\"\" onclick=\"\" src=\"https:\/\/www.europesays.com\/pt\/wp-content\/uploads\/2025\/12\/1765745051_849_1024.jpeg\" title=\"Z\u00e9\"\/><\/p>\n","protected":false},"excerpt":{"rendered":"Mesmo sem ter entrado na casa de &#8220;Secret Story&#8221;,\u00a0Jos\u00e9 Andrade, ex-noivo de\u00a0Liliana, frequentemente mostra-se c\u00famplice de ex-concorrentes do\u00a0reality&hellip;\n","protected":false},"author":2,"featured_media":188352,"comment_status":"","ping_status":"","sticky":false,"template":"","format":"standard","meta":{"footnotes":""},"categories":[142],"tags":[2632,114,115,980,1015,24885,19016,619,32,33,1014,1315,1012,151,162,975],"class_list":{"0":"post-188351","1":"post","2":"type-post","3":"status-publish","4":"format-standard","5":"has-post-thumbnail","7":"category-tv","8":"tag-casa-dos-segredos","9":"tag-entertainment","10":"tag-entretenimento","11":"tag-famosos","12":"tag-instagram","13":"tag-jose-andrade","14":"tag-liliana","15":"tag-nacional","16":"tag-portugal","17":"tag-pt","18":"tag-reality-show","19":"tag-secret-story","20":"tag-selfie","21":"tag-tv","22":"tag-tvi","23":"tag-ze"},"share_on_mastodon":{"url":"https:\/\/pubeurope.com\/@pt\/115719875277644236","error":""},"_links":{"self":[{"href":"https:\/\/www.europesays.com\/pt\/wp-json\/wp\/v2\/posts\/188351","targetHints":{"allow":["GET"]}}],"collection":[{"href":"https:\/\/www.europesays.com\/pt\/wp-json\/wp\/v2\/posts"}],"about":[{"href":"https:\/\/www.europesays.com\/pt\/wp-json\/wp\/v2\/types\/post"}],"author":[{"embeddable":true,"href":"https:\/\/www.europesays.com\/pt\/wp-json\/wp\/v2\/users\/2"}],"replies":[{"embeddable":true,"href":"https:\/\/www.europesays.com\/pt\/wp-json\/wp\/v2\/comments?post=188351"}],"version-history":[{"count":0,"href":"https:\/\/www.europesays.com\/pt\/wp-json\/wp\/v2\/posts\/188351\/revisions"}],"wp:featuredmedia":[{"embeddable":true,"href":"https:\/\/www.europesays.com\/pt\/wp-json\/wp\/v2\/media\/188352"}],"wp:attachment":[{"href":"https:\/\/www.europesays.com\/pt\/wp-json\/wp\/v2\/media?parent=188351"}],"wp:term":[{"taxonomy":"category","embeddable":true,"href":"https:\/\/www.europesays.com\/pt\/wp-json\/wp\/v2\/categories?post=188351"},{"taxonomy":"post_tag","embeddable":true,"href":"https:\/\/www.europesays.com\/pt\/wp-json\/wp\/v2\/tags?post=188351"}],"curies":[{"name":"wp","href":"https:\/\/api.w.org\/{rel}","templated":true}]}}