{"id":188390,"date":"2025-12-14T21:21:06","date_gmt":"2025-12-14T21:21:06","guid":{"rendered":"https:\/\/www.europesays.com\/pt\/188390\/"},"modified":"2025-12-14T21:21:06","modified_gmt":"2025-12-14T21:21:06","slug":"ha-um-estranho-bug-a-afetar-uma-das-principais-aplicacoes-do-iphone-esta-e-a-solucao-temporaria","status":"publish","type":"post","link":"https:\/\/www.europesays.com\/pt\/188390\/","title":{"rendered":"H\u00e1 um estranho bug a afetar uma das principais aplica\u00e7\u00f5es do iPhone. Esta \u00e9 a solu\u00e7\u00e3o tempor\u00e1ria"},"content":{"rendered":"<p class=\"leading\">\n                Para os utilizadores com o iOS 26, h\u00e1 um bug estranho que est\u00e1 a afetar a forma como a aplica\u00e7\u00e3o Fotos funciona.            <\/p>\n<p>        <img decoding=\"async\" alt=\"iphone\" height=\"900\" src=\"https:\/\/www.europesays.com\/pt\/wp-content\/uploads\/2025\/12\/iphoneeeeee-1.jpg\" width=\"1600\" fetchpriority=\"high\"\/><br \/>\nShutterstock<\/p>\n<p><a href=\"https:\/\/whatsapp.com\/channel\/0029Va54F7B7j6gBNXobAM16\" rel=\"nofollow noopener\" class=\"banner-deals mb20 banner-deals-rotation banner-deals-rotation--whatsapp\" target=\"_blank\"><\/p>\n<p>        Entra no nosso canal Whatsapp<br \/>e recebe as melhores ofertas<\/p>\n<p>        ENTRAR\n    <\/p>\n<p><\/a><\/p>\n<p>Alguns utilizadores de <strong><a href=\"https:\/\/4gnews.pt\/iphone-18-podera-estrear-a-tao-esperada-mudanca-na-parte-frontal\/\" rel=\"nofollow noopener\" target=\"_blank\">iPhone<\/a> <\/strong>come\u00e7aram a detetar um bug curioso na aplica\u00e7\u00e3o <strong>Fotos <\/strong>do <a href=\"https:\/\/4gnews.pt\/ios-26-2-ja-esta-disponivel-estas-sao-as-principais-novidades-do-sistema\/\" rel=\"nofollow noopener\" target=\"_blank\"><strong>iOS 26<\/strong><\/a>, sobretudo ap\u00f3s importarem imagens captadas com smartphones <strong>Android<\/strong>. Em determinados casos, ao abrir uma fotografia e fazer zoom, surge um <strong>tom avermelhado<\/strong> intenso que n\u00e3o corresponde \u00e0s cores originais da imagem, revela o <a href=\"http:\/\/9to5mac.com\/2025\/12\/14\/bizarre-ios-26-bug-causes-some-android-camera-photos-to-turn-red\/\" rel=\"nofollow noopener\" target=\"_blank\">9to5Mac<\/a>.<\/p>\n<p>O comportamento \u00e9 particularmente estranho porque o problema n\u00e3o \u00e9 vis\u00edvel \u00e0 primeira vista. As miniaturas exibidas na galeria mant\u00eam as cores corretas, o que faz com que muitos utilizadores s\u00f3 percebam o erro quando tocam na fotografia e a ampliam. Durante a navega\u00e7\u00e3o normal pela biblioteca, tudo parece estar em ordem.<\/p>\n<p>Ao que tudo indica, o bug leva o iOS 26 a interpretar incorretamente que foi aplicado um filtro de cor \u00e0 imagem. Este erro parece estar relacionado com a forma como a aplica\u00e7\u00e3o Fotos processa os perfis de cor incorporados em fotografias captadas por dispositivos que n\u00e3o s\u00e3o iPhone.<\/p>\n<p>Como corrigir este bug?<\/p>\n<p>Felizmente, existe uma <strong>solu\u00e7\u00e3o simples<\/strong> e eficaz para resolver o problema e recuperar o aspeto original das imagens. Basta abrir a fotografia afetada, tocar em Editar e, de seguida, selecionar a op\u00e7\u00e3o Reverter. Este processo remove o filtro aplicado automaticamente e restaura a fotografia \u00e0s cores originais, sem qualquer perda de qualidade ou dados.<\/p>\n<p>Ainda n\u00e3o \u00e9 claro em que circunst\u00e2ncias espec\u00edficas o bug \u00e9 ativado. Os relatos apontam para uma ocorr\u00eancia pouco frequente, mas consistente o suficiente para j\u00e1 ter sido identificada por v\u00e1rios utilizadores. O denominador comum entre os casos conhecidos \u00e9 o facto de as imagens terem sido captadas em smartphones Android antes de serem importadas para o iPhone.<\/p>\n<p>Apesar do inc\u00f3modo, a boa not\u00edcia \u00e9 que n\u00e3o existe perda irrevers\u00edvel de dados e que o problema pode ser corrigido manualmente em poucos segundos. Ainda assim, espera-se que a Apple resolva esta falha numa futura atualiza\u00e7\u00e3o do iOS 26, evitando que o erro continue a afetar fotografias importadas de outros dispositivos.<\/p>\n<p>Promo\u00e7\u00e3o do dia<br \/>\n<a href=\"https:\/\/amzn.to\/4q1aNJM\" target=\"_blank\" rel=\"nofollow noreferrer noopener\"><img decoding=\"async\" alt=\"iPhone 17 Pro 256GB\" height=\"488\" width=\"650\" class=\"lazyload\" src=\"https:\/\/www.europesays.com\/pt\/wp-content\/uploads\/2025\/11\/iphone-17-pro-256gb-31jsvh1xi7l-sl500.jpg\" loading=\"lazy\"\/><\/a><\/p>\n<p><a class=\"affiliate-title\" href=\"https:\/\/amzn.to\/4q1aNJM\" target=\"_blank\" rel=\"nofollow noreferrer noopener\">iPhone 17 Pro 256GB<\/a>ecr\u00e3 6,3&#8243; com promo\u00e7\u00e3o at\u00e9 120 Hz, c\u00e2maras Pro de 48 MP, chip A19 Pro, at\u00e9 31h de autonomia<\/p>\n<p>1 279,00 \u20acAmazon<\/p>\n<p>1 319,00 \u20ac-3%<\/p>\n<p class=\"inline-related-title\">Editores 4gnews recomendam:<\/p>\n","protected":false},"excerpt":{"rendered":"Para os utilizadores com o iOS 26, h\u00e1 um bug estranho que est\u00e1 a afetar a forma como&hellip;\n","protected":false},"author":2,"featured_media":188391,"comment_status":"","ping_status":"","sticky":false,"template":"","format":"standard","meta":{"footnotes":""},"categories":[84],"tags":[109,107,108,32,33,105,103,104,106,110],"class_list":{"0":"post-188390","1":"post","2":"type-post","3":"status-publish","4":"format-standard","5":"has-post-thumbnail","7":"category-ciencia-e-tecnologia","8":"tag-ciencia","9":"tag-ciencia-e-tecnologia","10":"tag-cienciaetecnologia","11":"tag-portugal","12":"tag-pt","13":"tag-science","14":"tag-science-and-technology","15":"tag-scienceandtechnology","16":"tag-technology","17":"tag-tecnologia"},"share_on_mastodon":{"url":"https:\/\/pubeurope.com\/@pt\/115720020816423547","error":""},"_links":{"self":[{"href":"https:\/\/www.europesays.com\/pt\/wp-json\/wp\/v2\/posts\/188390","targetHints":{"allow":["GET"]}}],"collection":[{"href":"https:\/\/www.europesays.com\/pt\/wp-json\/wp\/v2\/posts"}],"about":[{"href":"https:\/\/www.europesays.com\/pt\/wp-json\/wp\/v2\/types\/post"}],"author":[{"embeddable":true,"href":"https:\/\/www.europesays.com\/pt\/wp-json\/wp\/v2\/users\/2"}],"replies":[{"embeddable":true,"href":"https:\/\/www.europesays.com\/pt\/wp-json\/wp\/v2\/comments?post=188390"}],"version-history":[{"count":0,"href":"https:\/\/www.europesays.com\/pt\/wp-json\/wp\/v2\/posts\/188390\/revisions"}],"wp:featuredmedia":[{"embeddable":true,"href":"https:\/\/www.europesays.com\/pt\/wp-json\/wp\/v2\/media\/188391"}],"wp:attachment":[{"href":"https:\/\/www.europesays.com\/pt\/wp-json\/wp\/v2\/media?parent=188390"}],"wp:term":[{"taxonomy":"category","embeddable":true,"href":"https:\/\/www.europesays.com\/pt\/wp-json\/wp\/v2\/categories?post=188390"},{"taxonomy":"post_tag","embeddable":true,"href":"https:\/\/www.europesays.com\/pt\/wp-json\/wp\/v2\/tags?post=188390"}],"curies":[{"name":"wp","href":"https:\/\/api.w.org\/{rel}","templated":true}]}}