{"id":188392,"date":"2025-12-14T21:23:08","date_gmt":"2025-12-14T21:23:08","guid":{"rendered":"https:\/\/www.europesays.com\/pt\/188392\/"},"modified":"2025-12-14T21:23:08","modified_gmt":"2025-12-14T21:23:08","slug":"quais-podem-ser-os-rivais-de-zelensky-nas-futuras-eleicoes-observador","status":"publish","type":"post","link":"https:\/\/www.europesays.com\/pt\/188392\/","title":{"rendered":"Quais podem ser os rivais de Zelensky nas futuras elei\u00e7\u00f5es? \u2013 Observador"},"content":{"rendered":"<p>\u00c9 uma hip\u00f3tese cada vez mais prov\u00e1vel. A Ucr\u00e2nia poder\u00e1 organizar elei\u00e7\u00f5es presidenciais em breve, seis anos depois das \u00faltimas, em que Volodymyr Zelensky venceu confortavelmente com 73% dos votos. Se n\u00e3o houvesse guerra, o pa\u00eds deveria ter ido a votos em maio do ano passado. No entanto, a implementa\u00e7\u00e3o da lei marcial <strong>pro\u00edbe<\/strong> a organiza\u00e7\u00e3o de atos eleitorais e o atual Presidente tem-se mantido no cargo por causa disso. A R\u00fassia sempre contestou a legitimidade do chefe de Estado e Vladimir Putin recusou por v\u00e1rias vezes assinar um acordo com um l\u00edder com o mandato expirado. Mas agora os Estados Unidos da Am\u00e9rica (EUA) est\u00e3o tamb\u00e9m a pressionar Volodymyr Zelenky a avan\u00e7ar com elei\u00e7\u00f5es \u2014 e o Presidente n\u00e3o se tem oposto, mas imp\u00f4s uma condi\u00e7\u00e3o.<\/p>\n<p><strong>\u201cA Ucr\u00e2nia n\u00e3o tem medo da democracia\u201d,<\/strong> afirmou Volodymyr Zelensky, numa reuni\u00e3o da Coliga\u00e7\u00e3o das Vontades esta quinta-feira. O Presidente da Ucr\u00e2nia referiu, contudo, que ser\u00e1 necess\u00e1ria uma <strong>tr\u00e9gua\u00a0<\/strong>para que se realizem elei\u00e7\u00f5es para o normal funcionamento do processo eleitoral. \u201cIsto \u00e9 algo que deve ser discutido. Acreditamos que o lado norte-americano deve falar com o lado russo\u201d, destacou o chefe de Estado. Por sua vez, a R\u00fassia rejeitou, esta sexta-feira, a possibilidade de um cessar-fogo tempor\u00e1rio. \u201cN\u00e3o vai funcionar. Queremos trabalhar para a paz, n\u00e3o para uma tr\u00e9gua\u201d, enfatizou o porta-voz do Kremlin, Dmitry Peskov.<\/p>\n<p>A press\u00e3o norte-americana pode, ainda assim, obrigar a lideran\u00e7a da Ucr\u00e2nia a convocar elei\u00e7\u00f5es, mesmo que isso seja contra a sua vontade. <a href=\"https:\/\/www.politico.com\/news\/2025\/12\/09\/donald-trump-full-interview-transcript-00681693\" rel=\"nofollow noopener\" target=\"_blank\">Numa entrevista ao Politico<\/a>, o Presidente dos Estados Unidos, Donald Trump, acusou o governo ucraniano de \u201cusar a guerra para n\u00e3o realizar elei\u00e7\u00f5es\u201d: \u201cEu penso que o povo ucraniano deve fazer uma escolha. E talvez Zelensky ganhe. Eu n\u00e3o sei quem vai ganhar. Mas eles n\u00e3o t\u00eam uma elei\u00e7\u00e3o h\u00e1 muito tempo. Eles falam sobre democracia, mas chega a um ponto em que j\u00e1 n\u00e3o \u00e9 mais uma democracia\u201d.<\/p>\n","protected":false},"excerpt":{"rendered":"\u00c9 uma hip\u00f3tese cada vez mais prov\u00e1vel. A Ucr\u00e2nia poder\u00e1 organizar elei\u00e7\u00f5es presidenciais em breve, seis anos depois&hellip;\n","protected":false},"author":2,"featured_media":188393,"comment_status":"","ping_status":"","sticky":false,"template":"","format":"standard","meta":{"footnotes":""},"categories":[50],"tags":[27,28,445,15,16,1123,14,25,26,21,22,62,12,13,19,20,23,24,3879,17,18,1124,29,30,31,2416,63,64,65],"class_list":{"0":"post-188392","1":"post","2":"type-post","3":"status-publish","4":"format-standard","5":"has-post-thumbnail","7":"category-mundo","8":"tag-breaking-news","9":"tag-breakingnews","10":"tag-europa","11":"tag-featured-news","12":"tag-featurednews","13":"tag-guerra-na-ucru00e2nia","14":"tag-headlines","15":"tag-latest-news","16":"tag-latestnews","17":"tag-main-news","18":"tag-mainnews","19":"tag-mundo","20":"tag-news","21":"tag-noticias","22":"tag-noticias-principais","23":"tag-noticiasprincipais","24":"tag-principais-noticias","25":"tag-principaisnoticias","26":"tag-ru00fassia","27":"tag-top-stories","28":"tag-topstories","29":"tag-ucru00e2nia","30":"tag-ultimas","31":"tag-ultimas-noticias","32":"tag-ultimasnoticias","33":"tag-volodymyr-zelensky","34":"tag-world","35":"tag-world-news","36":"tag-worldnews"},"share_on_mastodon":{"url":"https:\/\/pubeurope.com\/@pt\/115720028335254641","error":""},"_links":{"self":[{"href":"https:\/\/www.europesays.com\/pt\/wp-json\/wp\/v2\/posts\/188392","targetHints":{"allow":["GET"]}}],"collection":[{"href":"https:\/\/www.europesays.com\/pt\/wp-json\/wp\/v2\/posts"}],"about":[{"href":"https:\/\/www.europesays.com\/pt\/wp-json\/wp\/v2\/types\/post"}],"author":[{"embeddable":true,"href":"https:\/\/www.europesays.com\/pt\/wp-json\/wp\/v2\/users\/2"}],"replies":[{"embeddable":true,"href":"https:\/\/www.europesays.com\/pt\/wp-json\/wp\/v2\/comments?post=188392"}],"version-history":[{"count":0,"href":"https:\/\/www.europesays.com\/pt\/wp-json\/wp\/v2\/posts\/188392\/revisions"}],"wp:featuredmedia":[{"embeddable":true,"href":"https:\/\/www.europesays.com\/pt\/wp-json\/wp\/v2\/media\/188393"}],"wp:attachment":[{"href":"https:\/\/www.europesays.com\/pt\/wp-json\/wp\/v2\/media?parent=188392"}],"wp:term":[{"taxonomy":"category","embeddable":true,"href":"https:\/\/www.europesays.com\/pt\/wp-json\/wp\/v2\/categories?post=188392"},{"taxonomy":"post_tag","embeddable":true,"href":"https:\/\/www.europesays.com\/pt\/wp-json\/wp\/v2\/tags?post=188392"}],"curies":[{"name":"wp","href":"https:\/\/api.w.org\/{rel}","templated":true}]}}